{"id":8439,"date":"2025-11-12T10:21:37","date_gmt":"2025-11-12T13:21:37","guid":{"rendered":"https:\/\/nordesteimprensa.com.br\/?p=8439"},"modified":"2025-11-12T10:21:38","modified_gmt":"2025-11-12T13:21:38","slug":"empresario-revela-motivo-da-saida-de-silvania-aquino-da-calcinha-preta","status":"publish","type":"post","link":"https:\/\/nordesteimprensa.com.br\/index.php\/2025\/11\/12\/empresario-revela-motivo-da-saida-de-silvania-aquino-da-calcinha-preta\/","title":{"rendered":"Empres\u00e1rio revela motivo da sa\u00edda de Silv\u00e2nia Aquino da Calcinha Preta"},"content":{"rendered":"\n<p>Ap\u00f3s a&nbsp;sa\u00edda de Silv\u00e2nia Aquino da banda Calcinha Preta, anunciada no come\u00e7o da semana, o empres\u00e1rio Diassis Marques que est\u00e1 \u00e0 frente do grupo desde 2022, decidiu quebrar o sil\u00eancio e explicar o real motivo do desligamento da cantora.<\/p>\n\n\n\n<p>Em entrevista \u00e0 Folha de Pernambuco, Diassis negou que a sa\u00edda tenha sido motivada por conflitos internos com a vocalista O\u2019Hara Ravick, como circulou nas redes sociais.<\/p>\n\n\n\n<blockquote class=\"wp-block-quote is-layout-flow wp-block-quote-is-layout-flow\">\n<p><strong>\u201cIsso de desentendimentos entre as duas \u00e9 tudo mentira. Elas se davam bem. Tudo normal. Foi uma conversa minha e dela. N\u00f3s t\u00ednhamos um contrato e ele venceu. Quando fomos renovar, n\u00e3o chegamos a um acordo. Com isso, cada um seguiu o seu destino\u201d, afirmou.<\/strong><\/p>\n<\/blockquote>\n\n\n\n<p>O empres\u00e1rio tamb\u00e9m adiantou que a banda segue em plena atividade e que uma nova cantora ser\u00e1 apresentada antes da grava\u00e7\u00e3o do DVD \u2018M\u00e1gica \u2013 O Espet\u00e1culo\u2019, marcada para o dia 6 de dezembro, em Bel\u00e9m (PA).<\/p>\n\n\n\n<p>\u201cEstamos analisando, mas, em breve, ser\u00e1 divulgada a nova substituta e a nova forma\u00e7\u00e3o da banda. A banda n\u00e3o era s\u00f3 Silv\u00e2nia. Temos outros tr\u00eas cantores. As m\u00fasicas pertencem \u00e0 banda. O\u2019Hara j\u00e1 cantou algumas e, quando chegar a nova cantora, o repert\u00f3rio ser\u00e1 dividido de acordo com a musicalidade de cada uma\u201d, detalhou.<\/p>\n\n\n\n<p>De acordo com Diassis, a nova vocalista vai assumir parte das m\u00fasicas que marcaram a trajet\u00f3ria de Silv\u00e2nia e tamb\u00e9m de Paulinha Abelha, que morreu em 2022.<\/p>\n\n\n\n<p>\u201cNo \u00faltimo final de semana, O\u2019Hara j\u00e1 cantou algumas m\u00fasicas que eram de Silv\u00e2nia. Est\u00e1 tudo certo para o DVD, continua normalmente\u201d, completou.<\/p>\n\n\n\n<p>Silv\u00e2nia Aquino, que estava em uma das fases mais marcantes da banda, se despediu dos f\u00e3s com um texto de agradecimento nas redes sociais, destacando que sua \u201chist\u00f3ria n\u00e3o para por aqui\u201d.<\/p>\n\n\n\n<p>A cantora j\u00e1 havia deixado a Calcinha Preta em 2014, quando montou o projeto Gigantes do Brasil, ao lado de Daniel Diau e Paulinha Abelha, mas retornou ao grupo anos depois.<\/p>\n\n\n\n<p>Fonte: F5news<\/p>\n","protected":false},"excerpt":{"rendered":"<p>Ap\u00f3s a&nbsp;sa\u00edda de Silv\u00e2nia Aquino da banda Calcinha Preta, anunciada no come\u00e7o da semana, o empres\u00e1rio Diassis Marques que est\u00e1 \u00e0 frente do grupo desde 2022, decidiu quebrar o sil\u00eancio e explicar o real motivo do desligamento da cantora. Em entrevista \u00e0 Folha de Pernambuco, Diassis negou que a sa\u00edda tenha sido motivada por conflitos [&hellip;]<\/p>\n","protected":false},"author":6,"featured_media":8440,"comment_status":"open","ping_status":"open","sticky":false,"template":"","format":"standard","meta":{"footnotes":""},"categories":[10],"tags":[],"class_list":{"0":"post-8439","1":"post","2":"type-post","3":"status-publish","4":"format-standard","5":"has-post-thumbnail","7":"category-theme-features"},"_links":{"self":[{"href":"https:\/\/nordesteimprensa.com.br\/index.php\/wp-json\/wp\/v2\/posts\/8439","targetHints":{"allow":["GET"]}}],"collection":[{"href":"https:\/\/nordesteimprensa.com.br\/index.php\/wp-json\/wp\/v2\/posts"}],"about":[{"href":"https:\/\/nordesteimprensa.com.br\/index.php\/wp-json\/wp\/v2\/types\/post"}],"author":[{"embeddable":true,"href":"https:\/\/nordesteimprensa.com.br\/index.php\/wp-json\/wp\/v2\/users\/6"}],"replies":[{"embeddable":true,"href":"https:\/\/nordesteimprensa.com.br\/index.php\/wp-json\/wp\/v2\/comments?post=8439"}],"version-history":[{"count":1,"href":"https:\/\/nordesteimprensa.com.br\/index.php\/wp-json\/wp\/v2\/posts\/8439\/revisions"}],"predecessor-version":[{"id":8441,"href":"https:\/\/nordesteimprensa.com.br\/index.php\/wp-json\/wp\/v2\/posts\/8439\/revisions\/8441"}],"wp:featuredmedia":[{"embeddable":true,"href":"https:\/\/nordesteimprensa.com.br\/index.php\/wp-json\/wp\/v2\/media\/8440"}],"wp:attachment":[{"href":"https:\/\/nordesteimprensa.com.br\/index.php\/wp-json\/wp\/v2\/media?parent=8439"}],"wp:term":[{"taxonomy":"category","embeddable":true,"href":"https:\/\/nordesteimprensa.com.br\/index.php\/wp-json\/wp\/v2\/categories?post=8439"},{"taxonomy":"post_tag","embeddable":true,"href":"https:\/\/nordesteimprensa.com.br\/index.php\/wp-json\/wp\/v2\/tags?post=8439"}],"curies":[{"name":"wp","href":"https:\/\/api.w.org\/{rel}","templated":true}]}}