{"id":844,"date":"2020-08-20T10:42:02","date_gmt":"2020-08-20T13:42:02","guid":{"rendered":"http:\/\/nordesteimprensa.com.br\/?p=844"},"modified":"2020-08-20T10:42:04","modified_gmt":"2020-08-20T13:42:04","slug":"aberta-para-novos-desafios-a-alumar-celebra-40-anos-de-implantacao-em-sao-luis","status":"publish","type":"post","link":"https:\/\/nordesteimprensa.com.br\/index.php\/2020\/08\/20\/aberta-para-novos-desafios-a-alumar-celebra-40-anos-de-implantacao-em-sao-luis\/","title":{"rendered":"Aberta para novos desafios, a Alumar celebra 40 anos de implanta\u00e7\u00e3o em S\u00e3o Lu\u00eds"},"content":{"rendered":"\n<p>No dia 31 de julho de 1980, o plantio de uma muda de Ip\u00ea-amarelo celebrou o in\u00edcio do Cons\u00f3rcio de Alum\u00ednio do Maranh\u00e3o. Formado pelas empresas Alcoa, Rio Tinto e South32, a Alumar sempre esteve presente na vida econ\u00f4mica, social e cultural no estado. Investimentos, parcerias, pesquisas, gera\u00e7\u00e3o de emprego e renda, qualifica\u00e7\u00e3o profissional e a\u00e7\u00f5es sustent\u00e1veis na fabrica\u00e7\u00e3o da alumina deram \u00e0 Alumar, ao longo dessas quatro d\u00e9cadas, seu car\u00e1ter de lideran\u00e7a no segmento. De maneira ativa e participativa, a Alumar conquistou excel\u00eancia operacional por meio do absoluto respeito pela vida, diversidade, meio ambiente e sustentabilidade, al\u00e9m de intensa participa\u00e7\u00e3o nas comunidades com foco nas \u00e1reas da educa\u00e7\u00e3o, gera\u00e7\u00e3o de emprego e renda e engajamento.<\/p>\n\n\n\n<p>O Maranh\u00e3o viu sua economia ganhar um novo impulso com a instala\u00e7\u00e3o da Alumar, ao receber um dos maiores projetos privados na \u00e1rea industrial at\u00e9 ent\u00e3o implantado no pa\u00eds. O investimento total na planta, desde a inaugura\u00e7\u00e3o, ultrapassa os US$ 5.4 bilh\u00f5es propiciando, sobretudo aos maranhenses, capacita\u00e7\u00e3o profissional, emprego e oportunidades de neg\u00f3cios.<\/p>\n\n\n\n<figure class=\"wp-block-image\"><img decoding=\"async\" src=\"https:\/\/s2.glbimg.com\/WvWSUnG0jnr-_vPD_TTNhci6Yko=\/0x0:1600x900\/984x0\/smart\/filters:strip_icc()\/i.s3.glbimg.com\/v1\/AUTH_59edd422c0c84a879bd37670ae4f538a\/internal_photos\/bs\/2020\/k\/X\/g9gWwGSWWBSkdjFBgQBg\/foto1.jpg\" alt=\"A Alumar tem a  5\u00aa maior refinaria de alumina do mundo. \u2014 Foto: Acervo Alumar\"\/><\/figure>\n\n\n\n<p>A Alumar tem a 5\u00aa maior refinaria de alumina do mundo. \u2014 Foto: Acervo Alumar<\/p>\n\n\n\n<p>A Alumar reconhece em suas pessoas a raz\u00e3o de seu sucesso. O Cons\u00f3rcio promove a gest\u00e3o da diversidade e incentiva uma cultura de est\u00edmulo ao conhecimento e de inclus\u00e3o. Segundo o diretor do Cons\u00f3rcio, Helder Teixeira, &#8220;a presen\u00e7a dos colaboradores, comunidade e popula\u00e7\u00e3o na vida di\u00e1ria da Alumar nos enche de orgulho, ao mesmo tempo que aumenta a nossa responsabilidade em rela\u00e7\u00e3o ao nosso sucesso, cujo sentido \u00e9 tamb\u00e9m o triunfo pessoal e profissional de cada um&#8221;.<\/p>\n\n\n\n<p>A Alumar tem hoje em seu efetivo cerca de 90% de m\u00e3o de obra maranhense e tem trabalhado junto \u00e0s empresas prestadoras de servi\u00e7os para garantir que grande parte dos colaboradores que atuam nas \u00e1reas da f\u00e1brica sejam moradores das comunidades vizinhas \u00e0 planta. Esse n\u00famero expressivo confirma o compromisso e apoio ao desenvolvimento local.<\/p>\n\n\n\n<p>A Alumar tamb\u00e9m contribui com o desenvolvimento social e econ\u00f4mico da regi\u00e3o por meio de apoio \u00e0 cultura, sa\u00fade, educa\u00e7\u00e3o, treinamentos e cursos profissionalizantes que se somam \u00e0s iniciativas do Instituto Alcoa que, em 2020, completou 30 anos de apoio em prol das comunidades. H\u00e1 tr\u00eas d\u00e9cadas, essa parceria vem desenvolvendo e transformando coletivamente as comunidades de S\u00e3o Lu\u00eds, a fim de torn\u00e1-las mais inclusivas e menos desiguais. Essas iniciativas beneficiaram ao longo dos 40 anos, centenas de milhares de pessoas e organiza\u00e7\u00f5es como o Banco de Leite Humano, Hospital da Mulher, a constru\u00e7\u00e3o do Centro de Ensino Professor M\u00e1rio Meireles (\u00fanica escola de ensino m\u00e9dio da \u00e1rea rural), Unidade de Sa\u00fade 24h na Zona Rural e constru\u00e7\u00e3o da Casa Familiar Rural. Os investimentos sociais ultrapassaram R$ 22 milh\u00f5es de reais nos \u00faltimos 10 anos.<\/p>\n\n\n\n<p>Em harmonia com o complexo industrial, est\u00e1 o Parque Ambiental que completou 24 anos, no dia 30 de julho. Em uma \u00e1rea de 1.800 ha que abriga mais de 200 esp\u00e9cies da flora e uma enorme variedade da fauna local esse projeto pioneiro no estado \u00e9 a maior reserva de preserva\u00e7\u00e3o da biodiversidade da ilha. Desde que foi inaugurado, o Parque Ambiental recebeu mais de 160 mil visitantes entre estudantes, professores, familiares e comunidades vizinhas, tornando-se um centro de refer\u00eancia em educa\u00e7\u00e3o ambiental, preserva\u00e7\u00e3o e pesquisa.<\/p>\n\n\n\n<figure class=\"wp-block-image\"><img decoding=\"async\" src=\"https:\/\/s2.glbimg.com\/ThLOa1hU0sJqlObe2fDt0p9ENdE=\/0x0:1600x900\/984x0\/smart\/filters:strip_icc()\/i.s3.glbimg.com\/v1\/AUTH_59edd422c0c84a879bd37670ae4f538a\/internal_photos\/bs\/2020\/Z\/z\/yhuz8YQOqOFXjUXb6TaA\/foto2.jpg\" alt=\"Com o projeto de expans\u00e3o da Refinaria, em 2009, a planta triplicou a produ\u00e7\u00e3o de alumina, hoje, com um volume de 3.7 mil toneladas \/ano. \u2014 Foto: Acervo Alumar\"\/><\/figure>\n\n\n\n<p>Com o projeto de expans\u00e3o da Refinaria, em 2009, a planta triplicou a produ\u00e7\u00e3o de alumina, hoje, com um volume de 3.7 mil toneladas \/ano. \u2014 Foto: Acervo Alumar<\/p>\n\n\n\n<p>O Cons\u00f3rcio possui um sistema de gest\u00e3o integrado que engloba a gest\u00e3o de qualidade, sa\u00fade, seguran\u00e7a, meio ambiente, gest\u00e3o social e foi estabelecido com base nas normas NBR ISO 9001, NBR ISO 14001 e OHSAS 18001. Em 2019, obteve a certifica\u00e7\u00e3o ASI, (Aluminium Stewardship Iniative), o mais importante Selo de Sustentabilidade na cadeia de valor do alum\u00ednio, onde atesta o trabalho consistente da empresa em produzir alumina de forma respons\u00e1vel e sustent\u00e1vel. A Alumar est\u00e1 colocada entre as empresas da mais alta reputa\u00e7\u00e3o nos mercados mundiais; um compromisso com uma produ\u00e7\u00e3o capaz de suprir as demandas operacionais, sem comprometer os recursos necess\u00e1rios para o abastecimento futuro, uma sintonia entre sucesso econ\u00f4mico, conserva\u00e7\u00e3o ambiental e responsabilidade social.<\/p>\n\n\n\n<p>Participa\u00e7\u00e3o Acion\u00e1ria<\/p>\n\n\n\n<figure class=\"wp-block-table\"><table><tbody><tr><td>Redu\u00e7\u00e3o<\/td><td>Refinaria<\/td><\/tr><tr><td>Alcoa: 60%<\/td><td>Alcoa: 54%<\/td><\/tr><tr><td>South32: 40%<\/td><td>South32: 36%<\/td><\/tr><tr><td><\/td><td>Rio Tinto Alcan: 10%<\/td><\/tr><\/tbody><\/table><\/figure>\n\n\n\n<p>Fonte: Alumar<\/p>\n\n\n\n<p><strong>Capacidade de Produ\u00e7\u00e3o:<br><\/strong>Alumina: 3.700.000 toneladas por ano<\/p>\n\n\n\n<p><strong>Movimenta\u00e7\u00e3o do Porto Alumar:<br><\/strong>Mat\u00e9rias-primas, insumos, alumina e bauxita: 14.500.000 ton\/ano<\/p>\n\n\n\n<p><strong>Investimento Total<br><\/strong>Redu\u00e7\u00e3o, Refinaria e Porto: US$ 5.4 bilh\u00f5es<\/p>\n","protected":false},"excerpt":{"rendered":"<p>No dia 31 de julho de 1980, o plantio de uma muda de Ip\u00ea-amarelo celebrou o in\u00edcio do Cons\u00f3rcio de Alum\u00ednio do Maranh\u00e3o. Formado pelas empresas Alcoa, Rio Tinto e South32, a Alumar sempre esteve presente na vida econ\u00f4mica, social e cultural no estado. Investimentos, parcerias, pesquisas, gera\u00e7\u00e3o de emprego e renda, qualifica\u00e7\u00e3o profissional e [&hellip;]<\/p>\n","protected":false},"author":1,"featured_media":845,"comment_status":"open","ping_status":"open","sticky":false,"template":"","format":"standard","meta":{"footnotes":""},"categories":[10],"tags":[],"class_list":{"0":"post-844","1":"post","2":"type-post","3":"status-publish","4":"format-standard","5":"has-post-thumbnail","7":"category-theme-features"},"_links":{"self":[{"href":"https:\/\/nordesteimprensa.com.br\/index.php\/wp-json\/wp\/v2\/posts\/844","targetHints":{"allow":["GET"]}}],"collection":[{"href":"https:\/\/nordesteimprensa.com.br\/index.php\/wp-json\/wp\/v2\/posts"}],"about":[{"href":"https:\/\/nordesteimprensa.com.br\/index.php\/wp-json\/wp\/v2\/types\/post"}],"author":[{"embeddable":true,"href":"https:\/\/nordesteimprensa.com.br\/index.php\/wp-json\/wp\/v2\/users\/1"}],"replies":[{"embeddable":true,"href":"https:\/\/nordesteimprensa.com.br\/index.php\/wp-json\/wp\/v2\/comments?post=844"}],"version-history":[{"count":1,"href":"https:\/\/nordesteimprensa.com.br\/index.php\/wp-json\/wp\/v2\/posts\/844\/revisions"}],"predecessor-version":[{"id":846,"href":"https:\/\/nordesteimprensa.com.br\/index.php\/wp-json\/wp\/v2\/posts\/844\/revisions\/846"}],"wp:featuredmedia":[{"embeddable":true,"href":"https:\/\/nordesteimprensa.com.br\/index.php\/wp-json\/wp\/v2\/media\/845"}],"wp:attachment":[{"href":"https:\/\/nordesteimprensa.com.br\/index.php\/wp-json\/wp\/v2\/media?parent=844"}],"wp:term":[{"taxonomy":"category","embeddable":true,"href":"https:\/\/nordesteimprensa.com.br\/index.php\/wp-json\/wp\/v2\/categories?post=844"},{"taxonomy":"post_tag","embeddable":true,"href":"https:\/\/nordesteimprensa.com.br\/index.php\/wp-json\/wp\/v2\/tags?post=844"}],"curies":[{"name":"wp","href":"https:\/\/api.w.org\/{rel}","templated":true}]}}