{"id":8443,"date":"2025-11-12T10:24:55","date_gmt":"2025-11-12T13:24:55","guid":{"rendered":"https:\/\/nordesteimprensa.com.br\/?p=8443"},"modified":"2025-11-12T10:24:56","modified_gmt":"2025-11-12T13:24:56","slug":"cerca-de-100-manifestantes-ocupam-a-prefeitura-de-aracaju-e-reivindicam-hospital-neurodivergente","status":"publish","type":"post","link":"https:\/\/nordesteimprensa.com.br\/index.php\/2025\/11\/12\/cerca-de-100-manifestantes-ocupam-a-prefeitura-de-aracaju-e-reivindicam-hospital-neurodivergente\/","title":{"rendered":"Cerca de 100 manifestantes ocupam a Prefeitura de Aracaju e reivindicam hospital neurodivergente"},"content":{"rendered":"\n<p>Cerca de cem manifestantes, moradores dos bairros Lamar\u00e3o, Jap\u00e3ozinho, Coqueiral e Santa Maria ocupam, nesta quarta-feira (12), o audit\u00f3rio do Centro Administrativo Prefeito Alo\u00edsio Campos, em\u00a0Aracaju, para reivindicar a<strong>\u00a0implanta\u00e7\u00e3o de um hospital neurodivergente<\/strong>, entre outros pedidos.\u00a0<\/p>\n\n\n\n<p>Eles est\u00e3o no local desde essa ter\u00e7a-feira, e est\u00e3o monitorados pela Guarda Municipal. De acordo com a gest\u00e3o municipal, eles j\u00e1 foram recebidos por uma comiss\u00e3o formada por secret\u00e1rios municipais. Os manifestantes exigem a presen\u00e7a da prefeira Em\u00edlia Corr\u00eaa.&nbsp;<\/p>\n\n\n\n<p>As entradas do pr\u00e9dio est\u00e3o fechadas. A equipe da TV Sergipe conseguiu falar com uma das moradoras atrav\u00e9s do port\u00e3o. Logo depois, Quem precisou sair por algum motivo, n\u00e3o conseguiu mais voltar.&nbsp;<\/p>\n\n\n\n<blockquote class=\"wp-block-quote is-layout-flow wp-block-quote-is-layout-flow\">\n<p>&#8220;Duas vezes a gente sentou junto com Em\u00edlia pra conversar. Ela passou todas as demandas para os secret\u00e1rios e at\u00e9 agora n\u00e3o foi resolvido.(&#8230;) Prenderam a gente ontem \u00e0 noite. A nossa fam\u00edlia, o grupo da gente est\u00e3o trazendo alimenta\u00e7\u00e3o para gente&#8221;, disse Viviane, do Bairro Lamar\u00e3o, uma das organizadoras do ato, acrescentando que ainda h\u00e1 pessoas para para participar da manifesta\u00e7\u00e3o.<\/p>\n<\/blockquote>\n\n\n\n<p>Os moradores alegam que querem tamb\u00e9m passe livre para as m\u00e3es que precisam levar os filhos at\u00edpicos para fazer terapias e se deslocar para buscar os medicamentos das crian\u00e7as.\u00a0<br><\/p>\n\n\n\n<p>Fonte: G1<\/p>\n","protected":false},"excerpt":{"rendered":"<p>Cerca de cem manifestantes, moradores dos bairros Lamar\u00e3o, Jap\u00e3ozinho, Coqueiral e Santa Maria ocupam, nesta quarta-feira (12), o audit\u00f3rio do Centro Administrativo Prefeito Alo\u00edsio Campos, em\u00a0Aracaju, para reivindicar a\u00a0implanta\u00e7\u00e3o de um hospital neurodivergente, entre outros pedidos.\u00a0 Eles est\u00e3o no local desde essa ter\u00e7a-feira, e est\u00e3o monitorados pela Guarda Municipal. De acordo com a gest\u00e3o municipal, [&hellip;]<\/p>\n","protected":false},"author":6,"featured_media":8444,"comment_status":"open","ping_status":"open","sticky":false,"template":"","format":"standard","meta":{"footnotes":""},"categories":[10],"tags":[],"class_list":{"0":"post-8443","1":"post","2":"type-post","3":"status-publish","4":"format-standard","5":"has-post-thumbnail","7":"category-theme-features"},"_links":{"self":[{"href":"https:\/\/nordesteimprensa.com.br\/index.php\/wp-json\/wp\/v2\/posts\/8443","targetHints":{"allow":["GET"]}}],"collection":[{"href":"https:\/\/nordesteimprensa.com.br\/index.php\/wp-json\/wp\/v2\/posts"}],"about":[{"href":"https:\/\/nordesteimprensa.com.br\/index.php\/wp-json\/wp\/v2\/types\/post"}],"author":[{"embeddable":true,"href":"https:\/\/nordesteimprensa.com.br\/index.php\/wp-json\/wp\/v2\/users\/6"}],"replies":[{"embeddable":true,"href":"https:\/\/nordesteimprensa.com.br\/index.php\/wp-json\/wp\/v2\/comments?post=8443"}],"version-history":[{"count":1,"href":"https:\/\/nordesteimprensa.com.br\/index.php\/wp-json\/wp\/v2\/posts\/8443\/revisions"}],"predecessor-version":[{"id":8445,"href":"https:\/\/nordesteimprensa.com.br\/index.php\/wp-json\/wp\/v2\/posts\/8443\/revisions\/8445"}],"wp:featuredmedia":[{"embeddable":true,"href":"https:\/\/nordesteimprensa.com.br\/index.php\/wp-json\/wp\/v2\/media\/8444"}],"wp:attachment":[{"href":"https:\/\/nordesteimprensa.com.br\/index.php\/wp-json\/wp\/v2\/media?parent=8443"}],"wp:term":[{"taxonomy":"category","embeddable":true,"href":"https:\/\/nordesteimprensa.com.br\/index.php\/wp-json\/wp\/v2\/categories?post=8443"},{"taxonomy":"post_tag","embeddable":true,"href":"https:\/\/nordesteimprensa.com.br\/index.php\/wp-json\/wp\/v2\/tags?post=8443"}],"curies":[{"name":"wp","href":"https:\/\/api.w.org\/{rel}","templated":true}]}}