{"id":8446,"date":"2025-11-13T11:02:55","date_gmt":"2025-11-13T14:02:55","guid":{"rendered":"https:\/\/nordesteimprensa.com.br\/?p=8446"},"modified":"2025-12-15T15:06:33","modified_gmt":"2025-12-15T18:06:33","slug":"cvv-e-ufs-oferecem-grupo-de-apoio-a-pessoas-enlutadas-pelo-suicidio","status":"publish","type":"post","link":"https:\/\/nordesteimprensa.com.br\/index.php\/2025\/11\/13\/cvv-e-ufs-oferecem-grupo-de-apoio-a-pessoas-enlutadas-pelo-suicidio\/","title":{"rendered":"CVV e UFS oferecem grupo de apoio a pessoas enlutadas pelo suic\u00eddio"},"content":{"rendered":"\n<p>O&nbsp;Centro de Valoriza\u00e7\u00e3o da Vida (CVV), em parceria com a&nbsp;Universidade Federal de Sergipe (UFS), realiza encontros gratuitos voltados a pessoas que tentaram suic\u00eddio ou perderam algu\u00e9m pr\u00f3ximo. Os&nbsp;Grupos de Apoio aos Sobreviventes de Suic\u00eddio (GASS)&nbsp;t\u00eam como objetivo oferecer um espa\u00e7o de acolhimento, escuta e partilha entre pessoas que vivenciam o luto relacionado a esta causa.<\/p>\n\n\n\n<p>Os encontros acontecem duas vezes por m\u00eas, sempre na 2\u00aa e na 4\u00aa sexta-feira do m\u00eas, das 15h \u00e0s 17h, no Mini Audit\u00f3rio de Enfermagem (CCBS) do Hospital Universit\u00e1rio da UFS, localizado na Rua Cl\u00e1udio Batista, bairro Cidade Nova, em Aracaju.<\/p>\n\n\n\n<p>De acordo com a professora Erna Barros, do Departamento de Comunica\u00e7\u00e3o Social (DCOS\/UFS) e porta-voz do CVV em Aracaju, a parceria com a universidade busca ampliar o alcance das a\u00e7\u00f5es de apoio emocional. \u201c\u00c9 importante que discentes, docentes e trabalhadores da UFS saibam que existe um trabalho de apoio presencial que pode ajudar a lidar com a dor do luto relacionado ao suic\u00eddio, e que esse suporte gratuito est\u00e1 dispon\u00edvel a toda comunidade acad\u00eamica\u201d, destaca.<\/p>\n\n\n\n<p>O luto por suic\u00eddio costuma envolver sentimentos complexos como culpa, estigma e isolamento, e o grupo busca diminuir esse sofrimento ao promover a troca de experi\u00eancias e estrat\u00e9gias de enfrentamento entre pessoas que passaram por situa\u00e7\u00f5es semelhantes.<\/p>\n\n\n\n<p>A participa\u00e7\u00e3o \u00e9 gratuita e aberta a toda a comunidade, sem necessidade de inscri\u00e7\u00e3o pr\u00e9via e voc\u00ea ter acesso a mais informa\u00e7\u00f5es&nbsp;<a href=\"http:\/\/www.cvv.org.br\/cvv-na-comunidade.\">clicando aqui<\/a>.<\/p>\n\n\n\n<p><strong>Sobre o CVV<\/strong><\/p>\n\n\n\n<p>O CVV \u00e9 uma organiza\u00e7\u00e3o reconhecida nacionalmente pelo trabalho de apoio emocional e preven\u00e7\u00e3o do suic\u00eddio, oferecendo escuta an\u00f4nima, gratuita e realizada por volunt\u00e1rios preparados. O atendimento funciona 24 horas por dia, sete dias por semana, pelo n\u00famero 188, pelo\u00a0site, via chat ou pelo e-mail \u2018apoio emocional@cvv.org.br<\/p>\n\n\n\n<p>Fonte: Infonet<\/p>\n\n\n\n<p><\/p>\n\n\n\n<p><\/p>\n\n\n\n<p><\/p>\n","protected":false},"excerpt":{"rendered":"<p>O&nbsp;Centro de Valoriza\u00e7\u00e3o da Vida (CVV), em parceria com a&nbsp;Universidade Federal de Sergipe (UFS), realiza encontros gratuitos voltados a pessoas que tentaram suic\u00eddio ou perderam algu\u00e9m pr\u00f3ximo. Os&nbsp;Grupos de Apoio aos Sobreviventes de Suic\u00eddio (GASS)&nbsp;t\u00eam como objetivo oferecer um espa\u00e7o de acolhimento, escuta e partilha entre pessoas que vivenciam o luto relacionado a esta causa. [&hellip;]<\/p>\n","protected":false},"author":6,"featured_media":8447,"comment_status":"open","ping_status":"open","sticky":false,"template":"","format":"standard","meta":{"footnotes":""},"categories":[10],"tags":[],"class_list":{"0":"post-8446","1":"post","2":"type-post","3":"status-publish","4":"format-standard","5":"has-post-thumbnail","7":"category-theme-features"},"_links":{"self":[{"href":"https:\/\/nordesteimprensa.com.br\/index.php\/wp-json\/wp\/v2\/posts\/8446","targetHints":{"allow":["GET"]}}],"collection":[{"href":"https:\/\/nordesteimprensa.com.br\/index.php\/wp-json\/wp\/v2\/posts"}],"about":[{"href":"https:\/\/nordesteimprensa.com.br\/index.php\/wp-json\/wp\/v2\/types\/post"}],"author":[{"embeddable":true,"href":"https:\/\/nordesteimprensa.com.br\/index.php\/wp-json\/wp\/v2\/users\/6"}],"replies":[{"embeddable":true,"href":"https:\/\/nordesteimprensa.com.br\/index.php\/wp-json\/wp\/v2\/comments?post=8446"}],"version-history":[{"count":1,"href":"https:\/\/nordesteimprensa.com.br\/index.php\/wp-json\/wp\/v2\/posts\/8446\/revisions"}],"predecessor-version":[{"id":8448,"href":"https:\/\/nordesteimprensa.com.br\/index.php\/wp-json\/wp\/v2\/posts\/8446\/revisions\/8448"}],"wp:featuredmedia":[{"embeddable":true,"href":"https:\/\/nordesteimprensa.com.br\/index.php\/wp-json\/wp\/v2\/media\/8447"}],"wp:attachment":[{"href":"https:\/\/nordesteimprensa.com.br\/index.php\/wp-json\/wp\/v2\/media?parent=8446"}],"wp:term":[{"taxonomy":"category","embeddable":true,"href":"https:\/\/nordesteimprensa.com.br\/index.php\/wp-json\/wp\/v2\/categories?post=8446"},{"taxonomy":"post_tag","embeddable":true,"href":"https:\/\/nordesteimprensa.com.br\/index.php\/wp-json\/wp\/v2\/tags?post=8446"}],"curies":[{"name":"wp","href":"https:\/\/api.w.org\/{rel}","templated":true}]}}