{"id":8452,"date":"2025-11-14T14:06:00","date_gmt":"2025-11-14T17:06:00","guid":{"rendered":"https:\/\/nordesteimprensa.com.br\/?p=8452"},"modified":"2025-12-15T15:06:13","modified_gmt":"2025-12-15T18:06:13","slug":"sergipano-mestrinho-vence-grammy-latino-com-o-album-dominguinho","status":"publish","type":"post","link":"https:\/\/nordesteimprensa.com.br\/index.php\/2025\/11\/14\/sergipano-mestrinho-vence-grammy-latino-com-o-album-dominguinho\/","title":{"rendered":"Sergipano Mestrinho vence Grammy Latino com o \u00e1lbum \u201cDominguinho\u201d"},"content":{"rendered":"\n<p>O sergipano Mestrinho, natural de Itabaiana, acaba de conquistar o Grammy Latino na categoria Melhor \u00c1lbum de M\u00fasica de Ra\u00edzes em L\u00edngua Portuguesa com o projeto \u201cDominguinho\u201d, realizado em parceria com Jo\u00e3o Gomes e Jota.p\u00ea.<\/p>\n\n\n\n<p>A obra superou uma disputa marcada por forte presen\u00e7a nordestina, que inclu\u00eda Joyce Alane, Fitti e Natascha Falc\u00e3o, al\u00e9m do portugu\u00eas Caman\u00e9.<\/p>\n\n\n\n<p>A premia\u00e7\u00e3o, entregue nesta quinta-feira (13) em Las Vegas, consagra mais uma etapa da trajet\u00f3ria do acordeonista, que dedica sua carreira \u00e0 m\u00fasica nordestina e \u00e0s influ\u00eancias do mestre Dominguinhos. Ap\u00f3s o an\u00fancio, Mestrinho destacou que o disco nasceu de uma uni\u00e3o genu\u00edna entre amigos.<\/p>\n\n\n\n<blockquote class=\"wp-block-quote is-layout-flow wp-block-quote-is-layout-flow\">\n<p><strong>\u201cEsse disco \u00e9 nada mais nada menos que o encontro de tr\u00eas pessoas que se amam, tr\u00eas amigos que vibram a m\u00fasica, que levam a m\u00fasica a s\u00e9rio, que t\u00eam muito amor pelo que fazem, independente de onde a m\u00fasica vai chegar\u201d, afirmou.<\/strong><\/p>\n<\/blockquote>\n\n\n\n<p>A conquista tamb\u00e9m representa o primeiro Grammy Latino de Jo\u00e3o Gomes e do pr\u00f3prio Mestrinho. Jota.p\u00ea, que j\u00e1 havia sido premiado no ano passado, volta a subir ao palco em mais uma celebra\u00e7\u00e3o.<\/p>\n\n\n\n<p>O trio se apresentou durante a Premi\u00e8re e n\u00e3o conteve a emo\u00e7\u00e3o ao receber o pr\u00eamio.<\/p>\n\n\n\n<p>Ap\u00f3s vencerem, na legenda do Instagram, escreveram: &#8220;A gente venceu, minha gente! Essa vit\u00f3ria \u00e9 de quem acredita na for\u00e7a da m\u00fasica brasileira, de quem sente o som da sanfona no peito e se emociona com cada can\u00e7\u00e3o&#8221;.<\/p>\n\n\n\n<p>Fonte: F5news<\/p>\n","protected":false},"excerpt":{"rendered":"<p>O sergipano Mestrinho, natural de Itabaiana, acaba de conquistar o Grammy Latino na categoria Melhor \u00c1lbum de M\u00fasica de Ra\u00edzes em L\u00edngua Portuguesa com o projeto \u201cDominguinho\u201d, realizado em parceria com Jo\u00e3o Gomes e Jota.p\u00ea. A obra superou uma disputa marcada por forte presen\u00e7a nordestina, que inclu\u00eda Joyce Alane, Fitti e Natascha Falc\u00e3o, al\u00e9m do [&hellip;]<\/p>\n","protected":false},"author":6,"featured_media":8453,"comment_status":"open","ping_status":"open","sticky":false,"template":"","format":"standard","meta":{"footnotes":""},"categories":[10],"tags":[],"class_list":{"0":"post-8452","1":"post","2":"type-post","3":"status-publish","4":"format-standard","5":"has-post-thumbnail","7":"category-theme-features"},"_links":{"self":[{"href":"https:\/\/nordesteimprensa.com.br\/index.php\/wp-json\/wp\/v2\/posts\/8452","targetHints":{"allow":["GET"]}}],"collection":[{"href":"https:\/\/nordesteimprensa.com.br\/index.php\/wp-json\/wp\/v2\/posts"}],"about":[{"href":"https:\/\/nordesteimprensa.com.br\/index.php\/wp-json\/wp\/v2\/types\/post"}],"author":[{"embeddable":true,"href":"https:\/\/nordesteimprensa.com.br\/index.php\/wp-json\/wp\/v2\/users\/6"}],"replies":[{"embeddable":true,"href":"https:\/\/nordesteimprensa.com.br\/index.php\/wp-json\/wp\/v2\/comments?post=8452"}],"version-history":[{"count":1,"href":"https:\/\/nordesteimprensa.com.br\/index.php\/wp-json\/wp\/v2\/posts\/8452\/revisions"}],"predecessor-version":[{"id":8454,"href":"https:\/\/nordesteimprensa.com.br\/index.php\/wp-json\/wp\/v2\/posts\/8452\/revisions\/8454"}],"wp:featuredmedia":[{"embeddable":true,"href":"https:\/\/nordesteimprensa.com.br\/index.php\/wp-json\/wp\/v2\/media\/8453"}],"wp:attachment":[{"href":"https:\/\/nordesteimprensa.com.br\/index.php\/wp-json\/wp\/v2\/media?parent=8452"}],"wp:term":[{"taxonomy":"category","embeddable":true,"href":"https:\/\/nordesteimprensa.com.br\/index.php\/wp-json\/wp\/v2\/categories?post=8452"},{"taxonomy":"post_tag","embeddable":true,"href":"https:\/\/nordesteimprensa.com.br\/index.php\/wp-json\/wp\/v2\/tags?post=8452"}],"curies":[{"name":"wp","href":"https:\/\/api.w.org\/{rel}","templated":true}]}}