{"id":8455,"date":"2025-11-17T15:59:53","date_gmt":"2025-11-17T18:59:53","guid":{"rendered":"https:\/\/nordesteimprensa.com.br\/?p=8455"},"modified":"2025-12-15T15:22:50","modified_gmt":"2025-12-15T18:22:50","slug":"homem-e-preso-por-violencia-contra-a-mulher-em-lagarto","status":"publish","type":"post","link":"https:\/\/nordesteimprensa.com.br\/index.php\/2025\/11\/17\/homem-e-preso-por-violencia-contra-a-mulher-em-lagarto\/","title":{"rendered":"HOMEM \u00c9 PRESO POR VIOL\u00caNCIA CONTRA A MULHER EM LAGARTO"},"content":{"rendered":"\n<p>Na noite do \u00faltimo domingo, 16, policiais do 7\u00ba Batalh\u00e3o de Pol\u00edcia Militar (7\u00ba BPM) prenderam um homem por viol\u00eancia contra a mulher no munic\u00edpio de Lagarto.<\/p>\n\n\n\n<p>A a\u00e7\u00e3o teve in\u00edcio ap\u00f3s uma mulher ir at\u00e9 o posto policial do Povoado Col\u00f4nia Treze e denunciar que havia sofrido uma s\u00e9rie de agress\u00f5es, durante uma discuss\u00e3o com o seu companheiro. De acordo com a v\u00edtima, em meio ao desentendimento, o homem passou a agredi-la com um cabo de vassoura, provocando escoria\u00e7\u00f5es na perna e no bra\u00e7o esquerdo.<\/p>\n\n\n\n<p>De imediato, os policiais foram \u00e0 resid\u00eancia do casal, onde deram voz de pris\u00e3o ao suspeito pelo crime de viol\u00eancia contra a mulher.<\/p>\n\n\n\n<p>A v\u00edtima foi encaminhada \u00e0 Unidade de Pronto Atendimento (Upa) e, posteriormente, formalizou a den\u00fancia na delegacia de Lagarto.<\/p>\n\n\n\n<p>Cr\u00e9ditos: Lagartense.com.br&nbsp;<\/p>\n","protected":false},"excerpt":{"rendered":"<p>Na noite do \u00faltimo domingo, 16, policiais do 7\u00ba Batalh\u00e3o de Pol\u00edcia Militar (7\u00ba BPM) prenderam um homem por viol\u00eancia contra a mulher no munic\u00edpio de Lagarto. A a\u00e7\u00e3o teve in\u00edcio ap\u00f3s uma mulher ir at\u00e9 o posto policial do Povoado Col\u00f4nia Treze e denunciar que havia sofrido uma s\u00e9rie de agress\u00f5es, durante uma discuss\u00e3o [&hellip;]<\/p>\n","protected":false},"author":6,"featured_media":8456,"comment_status":"open","ping_status":"open","sticky":false,"template":"","format":"standard","meta":{"footnotes":""},"categories":[10],"tags":[],"class_list":{"0":"post-8455","1":"post","2":"type-post","3":"status-publish","4":"format-standard","5":"has-post-thumbnail","7":"category-theme-features"},"_links":{"self":[{"href":"https:\/\/nordesteimprensa.com.br\/index.php\/wp-json\/wp\/v2\/posts\/8455","targetHints":{"allow":["GET"]}}],"collection":[{"href":"https:\/\/nordesteimprensa.com.br\/index.php\/wp-json\/wp\/v2\/posts"}],"about":[{"href":"https:\/\/nordesteimprensa.com.br\/index.php\/wp-json\/wp\/v2\/types\/post"}],"author":[{"embeddable":true,"href":"https:\/\/nordesteimprensa.com.br\/index.php\/wp-json\/wp\/v2\/users\/6"}],"replies":[{"embeddable":true,"href":"https:\/\/nordesteimprensa.com.br\/index.php\/wp-json\/wp\/v2\/comments?post=8455"}],"version-history":[{"count":1,"href":"https:\/\/nordesteimprensa.com.br\/index.php\/wp-json\/wp\/v2\/posts\/8455\/revisions"}],"predecessor-version":[{"id":8457,"href":"https:\/\/nordesteimprensa.com.br\/index.php\/wp-json\/wp\/v2\/posts\/8455\/revisions\/8457"}],"wp:featuredmedia":[{"embeddable":true,"href":"https:\/\/nordesteimprensa.com.br\/index.php\/wp-json\/wp\/v2\/media\/8456"}],"wp:attachment":[{"href":"https:\/\/nordesteimprensa.com.br\/index.php\/wp-json\/wp\/v2\/media?parent=8455"}],"wp:term":[{"taxonomy":"category","embeddable":true,"href":"https:\/\/nordesteimprensa.com.br\/index.php\/wp-json\/wp\/v2\/categories?post=8455"},{"taxonomy":"post_tag","embeddable":true,"href":"https:\/\/nordesteimprensa.com.br\/index.php\/wp-json\/wp\/v2\/tags?post=8455"}],"curies":[{"name":"wp","href":"https:\/\/api.w.org\/{rel}","templated":true}]}}