{"id":8458,"date":"2025-11-17T16:01:24","date_gmt":"2025-11-17T19:01:24","guid":{"rendered":"https:\/\/nordesteimprensa.com.br\/?p=8458"},"modified":"2025-12-15T15:22:58","modified_gmt":"2025-12-15T18:22:58","slug":"carlinhos-maia-e-vaiado-no-pre-caju-em-aracaju-e-responde-com-criticas-ao-publico","status":"publish","type":"post","link":"https:\/\/nordesteimprensa.com.br\/index.php\/2025\/11\/17\/carlinhos-maia-e-vaiado-no-pre-caju-em-aracaju-e-responde-com-criticas-ao-publico\/","title":{"rendered":"Carlinhos Maia \u00e9 vaiado no Pr\u00e9-Caju em Aracaju e responde com cr\u00edticas ao p\u00fablico"},"content":{"rendered":"\n<p>Durante Pr\u00e9-Caju 2025, em Aracaju, o influenciador Carlinhos Maia se tornou alvo de vaias por parte do p\u00fablico, em dois momentos distintos das apresenta\u00e7\u00f5es e n\u00e3o demorou para reagir.<\/p>\n\n\n\n<p>No s\u00e1bado (15), quando subiu no trio el\u00e9trico da cantora Ivete Sangalo, o p\u00fablico reagiu de forma negativa \u00e0 sua presen\u00e7a, com vaias aud\u00edveis assim que seu nome foi anunciado.<\/p>\n\n\n\n<p>Mais tarde, no show de Claudia Leitte, as vaias se repetiram. V\u00eddeos que circulam nas redes mostram a plateia reagindo com for\u00e7a enquanto Carlinhos Maia falava no palco.<\/p>\n\n\n\n<p>Nas redes sociais, o influenciador comentou o epis\u00f3dio dizendo que gostou da festa, mesmo com as vaias. \u201cEu amei demais a festa ontem, bebi, curti\u201d, afirmou.<\/p>\n\n\n\n<p>Parte do p\u00fablico n\u00e3o poupou Carlinhos pelas ofensas que ele direcionou aos manifestantes. Ele chamou quem o vaiou de \u201cbichas malucas\u201d e disse que eram \u201chomens que t\u00eam raiva da minha vida maravilhosa\u201d.<\/p>\n\n\n\n<p>Apesar de tudo, Maia afirmou que essas cr\u00edticas n\u00e3o v\u00e3o impedi-lo de voltar a Aracaju: \u201cN\u00e3o vou deixar de ir para Aracaju por causa disso. No pr\u00f3ximo Pr\u00e9-Caju que me chamarem, eu venho, com vaia e tudo.\u201d<\/p>\n\n\n\n<p>Fonte: A8se<\/p>\n","protected":false},"excerpt":{"rendered":"<p>Durante Pr\u00e9-Caju 2025, em Aracaju, o influenciador Carlinhos Maia se tornou alvo de vaias por parte do p\u00fablico, em dois momentos distintos das apresenta\u00e7\u00f5es e n\u00e3o demorou para reagir. No s\u00e1bado (15), quando subiu no trio el\u00e9trico da cantora Ivete Sangalo, o p\u00fablico reagiu de forma negativa \u00e0 sua presen\u00e7a, com vaias aud\u00edveis assim que [&hellip;]<\/p>\n","protected":false},"author":6,"featured_media":8459,"comment_status":"open","ping_status":"open","sticky":false,"template":"","format":"standard","meta":{"footnotes":""},"categories":[10],"tags":[],"class_list":{"0":"post-8458","1":"post","2":"type-post","3":"status-publish","4":"format-standard","5":"has-post-thumbnail","7":"category-theme-features"},"_links":{"self":[{"href":"https:\/\/nordesteimprensa.com.br\/index.php\/wp-json\/wp\/v2\/posts\/8458","targetHints":{"allow":["GET"]}}],"collection":[{"href":"https:\/\/nordesteimprensa.com.br\/index.php\/wp-json\/wp\/v2\/posts"}],"about":[{"href":"https:\/\/nordesteimprensa.com.br\/index.php\/wp-json\/wp\/v2\/types\/post"}],"author":[{"embeddable":true,"href":"https:\/\/nordesteimprensa.com.br\/index.php\/wp-json\/wp\/v2\/users\/6"}],"replies":[{"embeddable":true,"href":"https:\/\/nordesteimprensa.com.br\/index.php\/wp-json\/wp\/v2\/comments?post=8458"}],"version-history":[{"count":1,"href":"https:\/\/nordesteimprensa.com.br\/index.php\/wp-json\/wp\/v2\/posts\/8458\/revisions"}],"predecessor-version":[{"id":8460,"href":"https:\/\/nordesteimprensa.com.br\/index.php\/wp-json\/wp\/v2\/posts\/8458\/revisions\/8460"}],"wp:featuredmedia":[{"embeddable":true,"href":"https:\/\/nordesteimprensa.com.br\/index.php\/wp-json\/wp\/v2\/media\/8459"}],"wp:attachment":[{"href":"https:\/\/nordesteimprensa.com.br\/index.php\/wp-json\/wp\/v2\/media?parent=8458"}],"wp:term":[{"taxonomy":"category","embeddable":true,"href":"https:\/\/nordesteimprensa.com.br\/index.php\/wp-json\/wp\/v2\/categories?post=8458"},{"taxonomy":"post_tag","embeddable":true,"href":"https:\/\/nordesteimprensa.com.br\/index.php\/wp-json\/wp\/v2\/tags?post=8458"}],"curies":[{"name":"wp","href":"https:\/\/api.w.org\/{rel}","templated":true}]}}