{"id":8462,"date":"2025-11-18T11:13:20","date_gmt":"2025-11-18T14:13:20","guid":{"rendered":"https:\/\/nordesteimprensa.com.br\/?p=8462"},"modified":"2025-12-15T15:23:06","modified_gmt":"2025-12-15T18:23:06","slug":"orgaos-de-jovem-de-20-anos-sao-doados-apos-morte-encefalica-em-sergipe","status":"publish","type":"post","link":"https:\/\/nordesteimprensa.com.br\/index.php\/2025\/11\/18\/orgaos-de-jovem-de-20-anos-sao-doados-apos-morte-encefalica-em-sergipe\/","title":{"rendered":"\u00d3rg\u00e3os de jovem de 20 anos s\u00e3o doados ap\u00f3s morte encef\u00e1lica em Sergipe"},"content":{"rendered":"\n<p>\u00d3rg\u00e3os de um jovem, de 20 anos, foram doados ap\u00f3s ele sofrer morte encef\u00e1lica, em Sergipe. A capta\u00e7\u00e3o ocorreu, nesta segunda-feira (17), no Hospital Regional de\u00a0Itabaiana(HRI) e o transporte foi realizado de helic\u00f3ptero pelo servi\u00e7o Aerom\u00e9dico, uma parceria das secretarias de Estado da Sa\u00fade (SES) e da Seguran\u00e7a P\u00fablica (SSP).\u00a0<\/p>\n\n\n\n<p>Foram captados os rins esquerdo e direito, f\u00edgado, ba\u00e7o, linfonodos e c\u00f3rneas. Esse \u00e9 o segundo procedimento de capta\u00e7\u00e3o de \u00f3rg\u00e3os realizado no interior do estado e no HRI.&nbsp;<\/p>\n\n\n\n<p>Segundo a SES, o doador deu entrada na unidade com suspeita de intoxica\u00e7\u00e3o e n\u00e3o resistiu. A fam\u00edlia do paciente autorizou a doa\u00e7\u00e3o de \u00f3rg\u00e3os e foi acolhida pelos profissionais de sa\u00fade.&nbsp;<\/p>\n\n\n\n<figure class=\"wp-block-image\"><img decoding=\"async\" src=\"https:\/\/s2-g1.glbimg.com\/gOQlibwI6s5Lmq4OKTbEeWra3kg=\/0x0:1700x1133\/984x0\/smart\/filters:strip_icc()\/i.s3.glbimg.com\/v1\/AUTH_59edd422c0c84a879bd37670ae4f538a\/internal_photos\/bs\/2025\/c\/D\/pWsEM5SymjZ4jdLD3s5w\/b2ddece3-567b-4c7f-ac10-2cf601d202be-1536x1024.jpg\" alt=\"Jovem doa seis \u00f3rg\u00e3os em Sergipe \u2014 Foto:  Felipe Goetternauer\/SES\"\/><\/figure>\n\n\n\n<p>Jovem doa seis \u00f3rg\u00e3os em Sergipe \u2014 Foto: Felipe Goetternauer\/SES&nbsp;<\/p>\n\n\n\n<p>O f\u00edgado foi levado para Bras\u00edlia (DF), os rins, o ba\u00e7o e os linfonodos foram para Recife (PE), e as c\u00f3rneas permaneceram em Sergipe.&nbsp;<\/p>\n\n\n\n<p>Ainda, o coordenador da Central Estadual de Transplantes, Benito Fernandez, explicou que o ba\u00e7o e os linfonodos n\u00e3o s\u00e3o transplantados e sim utilizados para um procedimento chamado prova cruzada, que possibilita o transplante de rim.&nbsp;<\/p>\n\n\n\n<h2 class=\"wp-block-heading\">Como ser doador<\/h2>\n\n\n\n<p>Para ser um doador \u00e9 preciso manifestar, em vida, o desejo \u00e0 fam\u00edlia, pois a doa\u00e7\u00e3o de \u00f3rg\u00e3os e tecidos s\u00f3 acontece ap\u00f3s autoriza\u00e7\u00e3o familiar. O protocolo para a doa\u00e7\u00e3o de \u00f3rg\u00e3os \u00e9 iniciado com a identifica\u00e7\u00e3o de pacientes neurocr\u00edticos, que estejam em Glasgow 03 (escala de coma), indicando uma prov\u00e1vel morte encef\u00e1lica.&nbsp;<\/p>\n\n\n\n<p>Esses pacientes s\u00e3o acompanhados pela Organiza\u00e7\u00e3o de Procura de \u00d3rg\u00e3os (OPO) e, quando constatada a morte encef\u00e1lica, o protocolo de doa\u00e7\u00e3o \u00e9 iniciado, sempre respeitando a decis\u00e3o dos familiares.<\/p>\n\n\n\n<p>Fonte: G1<\/p>\n","protected":false},"excerpt":{"rendered":"<p>\u00d3rg\u00e3os de um jovem, de 20 anos, foram doados ap\u00f3s ele sofrer morte encef\u00e1lica, em Sergipe. A capta\u00e7\u00e3o ocorreu, nesta segunda-feira (17), no Hospital Regional de\u00a0Itabaiana(HRI) e o transporte foi realizado de helic\u00f3ptero pelo servi\u00e7o Aerom\u00e9dico, uma parceria das secretarias de Estado da Sa\u00fade (SES) e da Seguran\u00e7a P\u00fablica (SSP).\u00a0 Foram captados os rins esquerdo [&hellip;]<\/p>\n","protected":false},"author":6,"featured_media":8463,"comment_status":"open","ping_status":"open","sticky":false,"template":"","format":"standard","meta":{"footnotes":""},"categories":[10],"tags":[],"class_list":{"0":"post-8462","1":"post","2":"type-post","3":"status-publish","4":"format-standard","5":"has-post-thumbnail","7":"category-theme-features"},"_links":{"self":[{"href":"https:\/\/nordesteimprensa.com.br\/index.php\/wp-json\/wp\/v2\/posts\/8462","targetHints":{"allow":["GET"]}}],"collection":[{"href":"https:\/\/nordesteimprensa.com.br\/index.php\/wp-json\/wp\/v2\/posts"}],"about":[{"href":"https:\/\/nordesteimprensa.com.br\/index.php\/wp-json\/wp\/v2\/types\/post"}],"author":[{"embeddable":true,"href":"https:\/\/nordesteimprensa.com.br\/index.php\/wp-json\/wp\/v2\/users\/6"}],"replies":[{"embeddable":true,"href":"https:\/\/nordesteimprensa.com.br\/index.php\/wp-json\/wp\/v2\/comments?post=8462"}],"version-history":[{"count":1,"href":"https:\/\/nordesteimprensa.com.br\/index.php\/wp-json\/wp\/v2\/posts\/8462\/revisions"}],"predecessor-version":[{"id":8464,"href":"https:\/\/nordesteimprensa.com.br\/index.php\/wp-json\/wp\/v2\/posts\/8462\/revisions\/8464"}],"wp:featuredmedia":[{"embeddable":true,"href":"https:\/\/nordesteimprensa.com.br\/index.php\/wp-json\/wp\/v2\/media\/8463"}],"wp:attachment":[{"href":"https:\/\/nordesteimprensa.com.br\/index.php\/wp-json\/wp\/v2\/media?parent=8462"}],"wp:term":[{"taxonomy":"category","embeddable":true,"href":"https:\/\/nordesteimprensa.com.br\/index.php\/wp-json\/wp\/v2\/categories?post=8462"},{"taxonomy":"post_tag","embeddable":true,"href":"https:\/\/nordesteimprensa.com.br\/index.php\/wp-json\/wp\/v2\/tags?post=8462"}],"curies":[{"name":"wp","href":"https:\/\/api.w.org\/{rel}","templated":true}]}}