{"id":8465,"date":"2025-11-18T10:04:12","date_gmt":"2025-11-18T13:04:12","guid":{"rendered":"https:\/\/nordesteimprensa.com.br\/?p=8465"},"modified":"2025-12-15T15:23:26","modified_gmt":"2025-12-15T18:23:26","slug":"inep-anula-tres-questoes-do-enem-por-suspeita-de-vazamento","status":"publish","type":"post","link":"https:\/\/nordesteimprensa.com.br\/index.php\/2025\/11\/18\/inep-anula-tres-questoes-do-enem-por-suspeita-de-vazamento\/","title":{"rendered":"INEP ANULA TR\u00caS QUEST\u00d5ES DO ENEM POR SUSPEITA DE VAZAMENTO"},"content":{"rendered":"\n<p>O Instituto Nacional de Estudos e Pesquisas Educacionais An\u00edsio Teixeira (Inep) informou, na \u00faltima ter\u00e7a-feira, 18, que o Exame Nacional do Ensino M\u00e9dio (Enem) 2025, ter\u00e1 tr\u00eas quest\u00f5es anuladas.<\/p>\n\n\n\n<p>Em comunicado p\u00fablico, o Inep explica que a decis\u00e3o foi tomada pela equipe t\u00e9cnica do instituto devido \u00e0s semelhan\u00e7as entre quest\u00f5es que circulam na internet e as que estavam presente na avalia\u00e7\u00e3o oficial, aplicada nos \u00faltimos dias 9 e 16 de novembro a mais de 4 milh\u00f5es de candidatos.<\/p>\n\n\n\n<p>\u201cAo identificar relatos de antecipa\u00e7\u00e3o de quest\u00f5es similares \u00e0s do Exame Nacional do Ensino M\u00e9dio (Enem) 2025, a equipe t\u00e9cnica que faz parte da comiss\u00e3o assessora respons\u00e1vel pela montagem das provas analisou as circunst\u00e2ncias e decidiu, com base em informa\u00e7\u00f5es sobre a montagem do teste, pela anula\u00e7\u00e3o de tr\u00eas itens aplicados na prova\u201d, diz a nota.<\/p>\n\n\n\n<p>O v\u00eddeo de uma transmiss\u00e3o ao vivo, veiculado dias antes da aplica\u00e7\u00e3o do segundo dia de provas, no \u00faltimo domingo, 16, repercutiu nas redes sociais.<\/p>\n\n\n\n<p>A partir das imagens, o Inep reconhece que foram identificadas similaridades pontuais com os itens da prova. No entanto, o \u00f3rg\u00e3o garante que nenhuma quest\u00e3o foi apresentada tal qual na edi\u00e7\u00e3o de 2025 do exame.<\/p>\n\n\n\n<p>Investiga\u00e7\u00e3o federal<\/p>\n\n\n\n<p>O Inep acionou a Pol\u00edcia Federal (PF) para apurar a conduta e autoria na divulga\u00e7\u00e3o das quest\u00f5es e para responsabilizar os envolvidos por eventual quebra de confidencialidade ou ato de m\u00e1-f\u00e9 pela publiciza\u00e7\u00e3o, de forma indevida, de quest\u00f5es sigilosas.<\/p>\n\n\n\n<p>As investiga\u00e7\u00f5es de poss\u00edveis fraudes no Enem s\u00e3o de compet\u00eancia da Pol\u00edcia Federal, porque as provas s\u00e3o servi\u00e7o federal, de interesse p\u00fablico. O Enem \u00e9 coordenado pelo Inep, autarquia federal vinculada ao Minist\u00e9rio da Educa\u00e7\u00e3o (MEC).<\/p>\n\n\n\n<p>Entenda<\/p>\n\n\n\n<p>Para a elabora\u00e7\u00e3o e corre\u00e7\u00e3o do Enem, o Inep adota um modelo estat\u00edstico chamado de&nbsp;Teoria da Resposta ao Item (TRI.&nbsp; A metodologia \u2013 que usa&nbsp;um conjunto de modelos matem\u00e1ticos e considera a particularidade de cada quest\u00e3o \u2013 demanda que os itens sejam pr\u00e9-testados com grupos de estudantes antes de fazerem parte da prova. Isso \u00e9 necess\u00e1rio para \u201ccalibrar\u201d o n\u00edvel de dificuldade de cada quest\u00e3o que comp\u00f5em o exame.<\/p>\n\n\n\n<p>Por isso, quem participa de pr\u00e9-testes tem contato com quest\u00f5es de m\u00faltipla escolha que podem vir a compor as provas do Enem em alguma de suas edi\u00e7\u00f5es.<\/p>\n\n\n\n<p>Todos os itens que s\u00e3o aprovados no pr\u00e9-testes passam a compor o Banco Nacional de Itens, que re\u00fane as quest\u00f5es que ser\u00e3o utilizadas para elaborar as edi\u00e7\u00f5es do exame.<\/p>\n\n\n\n<p>O Inep informa que promove diversas estrat\u00e9gias para calibrar as quest\u00f5es que comp\u00f5em o Banco Nacional de Itens e podem ser usadas na elabora\u00e7\u00e3o das provas do Enem.<\/p>\n\n\n\n<p>Mesmo diante da possibilidade de eventual vazamento de quest\u00f5es, o Inep reafirmou a isonomia, lisura e validade das provas do Enem 2025.<\/p>\n\n\n\n<p>\u201cOs processos envolvem rigorosos protocolos de seguran\u00e7a, que foram cumpridos em todas as etapas do exame\u201d, finaliza a nota.<\/p>\n\n\n\n<p>Cr\u00e9ditos: Lagartense.com.br<\/p>\n","protected":false},"excerpt":{"rendered":"<p>O Instituto Nacional de Estudos e Pesquisas Educacionais An\u00edsio Teixeira (Inep) informou, na \u00faltima ter\u00e7a-feira, 18, que o Exame Nacional do Ensino M\u00e9dio (Enem) 2025, ter\u00e1 tr\u00eas quest\u00f5es anuladas. Em comunicado p\u00fablico, o Inep explica que a decis\u00e3o foi tomada pela equipe t\u00e9cnica do instituto devido \u00e0s semelhan\u00e7as entre quest\u00f5es que circulam na internet e [&hellip;]<\/p>\n","protected":false},"author":6,"featured_media":8466,"comment_status":"open","ping_status":"open","sticky":false,"template":"","format":"standard","meta":{"footnotes":""},"categories":[10],"tags":[],"class_list":{"0":"post-8465","1":"post","2":"type-post","3":"status-publish","4":"format-standard","5":"has-post-thumbnail","7":"category-theme-features"},"_links":{"self":[{"href":"https:\/\/nordesteimprensa.com.br\/index.php\/wp-json\/wp\/v2\/posts\/8465","targetHints":{"allow":["GET"]}}],"collection":[{"href":"https:\/\/nordesteimprensa.com.br\/index.php\/wp-json\/wp\/v2\/posts"}],"about":[{"href":"https:\/\/nordesteimprensa.com.br\/index.php\/wp-json\/wp\/v2\/types\/post"}],"author":[{"embeddable":true,"href":"https:\/\/nordesteimprensa.com.br\/index.php\/wp-json\/wp\/v2\/users\/6"}],"replies":[{"embeddable":true,"href":"https:\/\/nordesteimprensa.com.br\/index.php\/wp-json\/wp\/v2\/comments?post=8465"}],"version-history":[{"count":1,"href":"https:\/\/nordesteimprensa.com.br\/index.php\/wp-json\/wp\/v2\/posts\/8465\/revisions"}],"predecessor-version":[{"id":8467,"href":"https:\/\/nordesteimprensa.com.br\/index.php\/wp-json\/wp\/v2\/posts\/8465\/revisions\/8467"}],"wp:featuredmedia":[{"embeddable":true,"href":"https:\/\/nordesteimprensa.com.br\/index.php\/wp-json\/wp\/v2\/media\/8466"}],"wp:attachment":[{"href":"https:\/\/nordesteimprensa.com.br\/index.php\/wp-json\/wp\/v2\/media?parent=8465"}],"wp:term":[{"taxonomy":"category","embeddable":true,"href":"https:\/\/nordesteimprensa.com.br\/index.php\/wp-json\/wp\/v2\/categories?post=8465"},{"taxonomy":"post_tag","embeddable":true,"href":"https:\/\/nordesteimprensa.com.br\/index.php\/wp-json\/wp\/v2\/tags?post=8465"}],"curies":[{"name":"wp","href":"https:\/\/api.w.org\/{rel}","templated":true}]}}