{"id":8468,"date":"2025-11-19T10:05:40","date_gmt":"2025-11-19T13:05:40","guid":{"rendered":"https:\/\/nordesteimprensa.com.br\/?p=8468"},"modified":"2025-12-15T15:34:13","modified_gmt":"2025-12-15T18:34:13","slug":"radiopatrulha-comemora-64-anos-com-homenagens-e-reconhecimento-a-atuacao-na-seguranca-publica","status":"publish","type":"post","link":"https:\/\/nordesteimprensa.com.br\/index.php\/2025\/11\/19\/radiopatrulha-comemora-64-anos-com-homenagens-e-reconhecimento-a-atuacao-na-seguranca-publica\/","title":{"rendered":"Radiopatrulha comemora 64 anos com homenagens e reconhecimento \u00e0 atua\u00e7\u00e3o na seguran\u00e7a p\u00fablica"},"content":{"rendered":"\n<p>O Batalh\u00e3o de Pol\u00edcia de Radiopatrulha (BPRp) completou 64 anos e marcou a data, na tarde desta ter\u00e7a-feira (18), com uma solenidade na sede da unidade, no bairro S\u00e3o Jos\u00e9, em Aracaju. Durante o evento, foram entregues medalhas de M\u00e9rito por Tempo de Servi\u00e7o, Destaque Operacional e Labor Administrativo a militares e parceiros.<\/p>\n\n\n\n<p>Criado em 1961, o BPRp atua no policiamento ostensivo motorizado na Grande Aracaju, priorizando \u00e1reas com maior \u00edndice de criminalidade. Sob comando do tenente-coronel Vitor Anderson de Moraes, o batalh\u00e3o opera em \u00e1reas delimitadas para agilizar o atendimento \u00e0s ocorr\u00eancias.<\/p>\n\n\n\n<p>O comandante-geral da PMSE, coronel Alexsandro Ribeiro, destacou a import\u00e2ncia da unidade e apresentou n\u00fameros recentes: mais de 350 armas apreendidas nos \u00faltimos tr\u00eas anos, resultado do refor\u00e7o no efetivo e da integra\u00e7\u00e3o das for\u00e7as de seguran\u00e7a.<\/p>\n\n\n\n<p>Entre os homenageados, o subtenente Rinaldo recebeu a Medalha de Labor Administrativo, e o cabo F\u00e1bio \u00c1vila, que atua h\u00e1 dez anos no batalh\u00e3o, foi agraciado com a Medalha de Destaque Operacional. A PMSE tamb\u00e9m reconheceu a colabora\u00e7\u00e3o de parceiros da unidade e homenageou o comandante-geral pela confian\u00e7a no trabalho da Radiopatrulha.<\/p>\n\n\n\n<p>Oficiais que colaboram com o BPRp \u2014 entre eles coron\u00e9is, majores e subcomandantes \u2014 tamb\u00e9m foram condecorados durante a cerim\u00f4nia.<\/p>\n\n\n\n<p>A celebra\u00e7\u00e3o refor\u00e7ou o compromisso da Radiopatrulha com a seguran\u00e7a p\u00fablica e o reconhecimento ao trabalho da tropa.<\/p>\n\n\n\n<p>Fonte: Portal Itnet<\/p>\n","protected":false},"excerpt":{"rendered":"<p>O Batalh\u00e3o de Pol\u00edcia de Radiopatrulha (BPRp) completou 64 anos e marcou a data, na tarde desta ter\u00e7a-feira (18), com uma solenidade na sede da unidade, no bairro S\u00e3o Jos\u00e9, em Aracaju. Durante o evento, foram entregues medalhas de M\u00e9rito por Tempo de Servi\u00e7o, Destaque Operacional e Labor Administrativo a militares e parceiros. Criado em [&hellip;]<\/p>\n","protected":false},"author":6,"featured_media":8469,"comment_status":"open","ping_status":"open","sticky":false,"template":"","format":"standard","meta":{"footnotes":""},"categories":[10],"tags":[],"class_list":{"0":"post-8468","1":"post","2":"type-post","3":"status-publish","4":"format-standard","5":"has-post-thumbnail","7":"category-theme-features"},"_links":{"self":[{"href":"https:\/\/nordesteimprensa.com.br\/index.php\/wp-json\/wp\/v2\/posts\/8468","targetHints":{"allow":["GET"]}}],"collection":[{"href":"https:\/\/nordesteimprensa.com.br\/index.php\/wp-json\/wp\/v2\/posts"}],"about":[{"href":"https:\/\/nordesteimprensa.com.br\/index.php\/wp-json\/wp\/v2\/types\/post"}],"author":[{"embeddable":true,"href":"https:\/\/nordesteimprensa.com.br\/index.php\/wp-json\/wp\/v2\/users\/6"}],"replies":[{"embeddable":true,"href":"https:\/\/nordesteimprensa.com.br\/index.php\/wp-json\/wp\/v2\/comments?post=8468"}],"version-history":[{"count":1,"href":"https:\/\/nordesteimprensa.com.br\/index.php\/wp-json\/wp\/v2\/posts\/8468\/revisions"}],"predecessor-version":[{"id":8470,"href":"https:\/\/nordesteimprensa.com.br\/index.php\/wp-json\/wp\/v2\/posts\/8468\/revisions\/8470"}],"wp:featuredmedia":[{"embeddable":true,"href":"https:\/\/nordesteimprensa.com.br\/index.php\/wp-json\/wp\/v2\/media\/8469"}],"wp:attachment":[{"href":"https:\/\/nordesteimprensa.com.br\/index.php\/wp-json\/wp\/v2\/media?parent=8468"}],"wp:term":[{"taxonomy":"category","embeddable":true,"href":"https:\/\/nordesteimprensa.com.br\/index.php\/wp-json\/wp\/v2\/categories?post=8468"},{"taxonomy":"post_tag","embeddable":true,"href":"https:\/\/nordesteimprensa.com.br\/index.php\/wp-json\/wp\/v2\/tags?post=8468"}],"curies":[{"name":"wp","href":"https:\/\/api.w.org\/{rel}","templated":true}]}}