{"id":847,"date":"2020-08-20T10:43:14","date_gmt":"2020-08-20T13:43:14","guid":{"rendered":"http:\/\/nordesteimprensa.com.br\/?p=847"},"modified":"2020-08-20T10:43:16","modified_gmt":"2020-08-20T13:43:16","slug":"capotamento-deixa-motorista-morto-em-sao-luis-do-quitunde-al","status":"publish","type":"post","link":"https:\/\/nordesteimprensa.com.br\/index.php\/2020\/08\/20\/capotamento-deixa-motorista-morto-em-sao-luis-do-quitunde-al\/","title":{"rendered":"Capotamento deixa motorista morto em S\u00e3o Lu\u00eds do Quitunde, AL"},"content":{"rendered":"\n<p>Um capotamento na noite de sexta-feira (1\u00ba) deixou uma pessoa morta na rodovia AL-430, em S\u00e3o Lu\u00eds do Quitunde, no interior de Alagoas.<\/p>\n\n\n\n<p>Segundo o Batalh\u00e3o de Pol\u00edcia Rodovi\u00e1ria (BPRv), o acidente aconteceu porque o condutor perdeu o controle direcional do seu carro enquanto trafegava por um trecho da rodovia. O acidente tamb\u00e9m causou danos ao ve\u00edculo.<\/p>\n\n\n\n<p>Ainda de acordo com o BPRv, a v\u00edtima, identificada como Jo\u00e3o Teixeira, de 52 anos, morreu no local. Ele era natural de Palmeira dos \u00edndios.<\/p>\n\n\n\n<p>Uma guarni\u00e7\u00e3o do Centro Integrado de Seguran\u00e7a P\u00fablica (Cisp) de S\u00e3o Lu\u00eds do Quitunde realizou os primeiros levantamentos. Os institutos de Criminal\u00edstica (IC) e M\u00e9dico Legal (IML) estiveram no local para fazer a per\u00edcia e recolher o copo de Jo\u00e3o.<\/p>\n","protected":false},"excerpt":{"rendered":"<p>Um capotamento na noite de sexta-feira (1\u00ba) deixou uma pessoa morta na rodovia AL-430, em S\u00e3o Lu\u00eds do Quitunde, no interior de Alagoas. Segundo o Batalh\u00e3o de Pol\u00edcia Rodovi\u00e1ria (BPRv), o acidente aconteceu porque o condutor perdeu o controle direcional do seu carro enquanto trafegava por um trecho da rodovia. O acidente tamb\u00e9m causou danos [&hellip;]<\/p>\n","protected":false},"author":1,"featured_media":848,"comment_status":"open","ping_status":"open","sticky":false,"template":"","format":"standard","meta":{"footnotes":""},"categories":[43],"tags":[],"class_list":{"0":"post-847","1":"post","2":"type-post","3":"status-publish","4":"format-standard","5":"has-post-thumbnail","7":"category-acidente"},"_links":{"self":[{"href":"https:\/\/nordesteimprensa.com.br\/index.php\/wp-json\/wp\/v2\/posts\/847","targetHints":{"allow":["GET"]}}],"collection":[{"href":"https:\/\/nordesteimprensa.com.br\/index.php\/wp-json\/wp\/v2\/posts"}],"about":[{"href":"https:\/\/nordesteimprensa.com.br\/index.php\/wp-json\/wp\/v2\/types\/post"}],"author":[{"embeddable":true,"href":"https:\/\/nordesteimprensa.com.br\/index.php\/wp-json\/wp\/v2\/users\/1"}],"replies":[{"embeddable":true,"href":"https:\/\/nordesteimprensa.com.br\/index.php\/wp-json\/wp\/v2\/comments?post=847"}],"version-history":[{"count":1,"href":"https:\/\/nordesteimprensa.com.br\/index.php\/wp-json\/wp\/v2\/posts\/847\/revisions"}],"predecessor-version":[{"id":849,"href":"https:\/\/nordesteimprensa.com.br\/index.php\/wp-json\/wp\/v2\/posts\/847\/revisions\/849"}],"wp:featuredmedia":[{"embeddable":true,"href":"https:\/\/nordesteimprensa.com.br\/index.php\/wp-json\/wp\/v2\/media\/848"}],"wp:attachment":[{"href":"https:\/\/nordesteimprensa.com.br\/index.php\/wp-json\/wp\/v2\/media?parent=847"}],"wp:term":[{"taxonomy":"category","embeddable":true,"href":"https:\/\/nordesteimprensa.com.br\/index.php\/wp-json\/wp\/v2\/categories?post=847"},{"taxonomy":"post_tag","embeddable":true,"href":"https:\/\/nordesteimprensa.com.br\/index.php\/wp-json\/wp\/v2\/tags?post=847"}],"curies":[{"name":"wp","href":"https:\/\/api.w.org\/{rel}","templated":true}]}}