{"id":8475,"date":"2025-11-24T13:51:44","date_gmt":"2025-11-24T16:51:44","guid":{"rendered":"https:\/\/nordesteimprensa.com.br\/?p=8475"},"modified":"2025-12-15T15:48:22","modified_gmt":"2025-12-15T18:48:22","slug":"policia-recupera-23-celulares-furtados-durante-festival-de-artes-de-sao-cristovao","status":"publish","type":"post","link":"https:\/\/nordesteimprensa.com.br\/index.php\/2025\/11\/24\/policia-recupera-23-celulares-furtados-durante-festival-de-artes-de-sao-cristovao\/","title":{"rendered":"POL\u00cdCIA RECUPERA 23 CELULARES FURTADOS DURANTE FESTIVAL DE ARTES DE S\u00c3O CRIST\u00d3V\u00c3O"},"content":{"rendered":"\n<p>A Pol\u00edcia Civil recuperou 23 celulares furtados durante o Festival de Artes de S\u00e3o Crist\u00f3v\u00e3o (Fasc), realizados no Centro Hist\u00f3rico da cidade. Os aparelhos foram localizados com suspeitos detidos em flagrante por a\u00e7\u00f5es criminosas durante o evento.<\/p>\n\n\n\n<p>Segundo o delegado Francisco Gerl\u00e2ndio, a opera\u00e7\u00e3o foi fruto de uma a\u00e7\u00e3o conjunta entre a 12\u00aa Delegacia Metropolitana e a Guarda Municipal de S\u00e3o Crist\u00f3v\u00e3o. \u201cAt\u00e9 o momento, cinco pessoas foram identificadas e autuadas em flagrante, e as pris\u00f5es j\u00e1 est\u00e3o sendo comunicadas ao Poder Judici\u00e1rio. O grupo tamb\u00e9m \u00e9 investigado por furtos na Micarana e no Pr\u00e9-Caju\u201d, detalhou.<\/p>\n\n\n\n<p>As v\u00edtimas que tiveram seus celulares roubados durante o festival podem comparecer \u00e0 12\u00aa DM, de segunda a sexta-feira, das 8h \u00e0s 17h, para tentar recuperar os aparelhos. A Pol\u00edcia Civil refor\u00e7a que den\u00fancias adicionais podem ser feitas de forma an\u00f4nima pelo Disque-Den\u00fancia, no n\u00famero 181, com sigilo garantido.<\/p>\n\n\n\n<p>Fonte: Portal Itnet<\/p>\n","protected":false},"excerpt":{"rendered":"<p>A Pol\u00edcia Civil recuperou 23 celulares furtados durante o Festival de Artes de S\u00e3o Crist\u00f3v\u00e3o (Fasc), realizados no Centro Hist\u00f3rico da cidade. Os aparelhos foram localizados com suspeitos detidos em flagrante por a\u00e7\u00f5es criminosas durante o evento. Segundo o delegado Francisco Gerl\u00e2ndio, a opera\u00e7\u00e3o foi fruto de uma a\u00e7\u00e3o conjunta entre a 12\u00aa Delegacia Metropolitana [&hellip;]<\/p>\n","protected":false},"author":6,"featured_media":8476,"comment_status":"open","ping_status":"open","sticky":false,"template":"","format":"standard","meta":{"footnotes":""},"categories":[10],"tags":[],"class_list":{"0":"post-8475","1":"post","2":"type-post","3":"status-publish","4":"format-standard","5":"has-post-thumbnail","7":"category-theme-features"},"_links":{"self":[{"href":"https:\/\/nordesteimprensa.com.br\/index.php\/wp-json\/wp\/v2\/posts\/8475","targetHints":{"allow":["GET"]}}],"collection":[{"href":"https:\/\/nordesteimprensa.com.br\/index.php\/wp-json\/wp\/v2\/posts"}],"about":[{"href":"https:\/\/nordesteimprensa.com.br\/index.php\/wp-json\/wp\/v2\/types\/post"}],"author":[{"embeddable":true,"href":"https:\/\/nordesteimprensa.com.br\/index.php\/wp-json\/wp\/v2\/users\/6"}],"replies":[{"embeddable":true,"href":"https:\/\/nordesteimprensa.com.br\/index.php\/wp-json\/wp\/v2\/comments?post=8475"}],"version-history":[{"count":1,"href":"https:\/\/nordesteimprensa.com.br\/index.php\/wp-json\/wp\/v2\/posts\/8475\/revisions"}],"predecessor-version":[{"id":8477,"href":"https:\/\/nordesteimprensa.com.br\/index.php\/wp-json\/wp\/v2\/posts\/8475\/revisions\/8477"}],"wp:featuredmedia":[{"embeddable":true,"href":"https:\/\/nordesteimprensa.com.br\/index.php\/wp-json\/wp\/v2\/media\/8476"}],"wp:attachment":[{"href":"https:\/\/nordesteimprensa.com.br\/index.php\/wp-json\/wp\/v2\/media?parent=8475"}],"wp:term":[{"taxonomy":"category","embeddable":true,"href":"https:\/\/nordesteimprensa.com.br\/index.php\/wp-json\/wp\/v2\/categories?post=8475"},{"taxonomy":"post_tag","embeddable":true,"href":"https:\/\/nordesteimprensa.com.br\/index.php\/wp-json\/wp\/v2\/tags?post=8475"}],"curies":[{"name":"wp","href":"https:\/\/api.w.org\/{rel}","templated":true}]}}