{"id":850,"date":"2020-08-20T10:44:26","date_gmt":"2020-08-20T13:44:26","guid":{"rendered":"http:\/\/nordesteimprensa.com.br\/?p=850"},"modified":"2020-08-20T10:44:28","modified_gmt":"2020-08-20T13:44:28","slug":"doze-policiais-viram-reus-por-tortura-e-lesao-corporal-contra-dois-homens-na-periferia-de-fortaleza","status":"publish","type":"post","link":"https:\/\/nordesteimprensa.com.br\/index.php\/2020\/08\/20\/doze-policiais-viram-reus-por-tortura-e-lesao-corporal-contra-dois-homens-na-periferia-de-fortaleza\/","title":{"rendered":"Doze policiais viram r\u00e9us por tortura e les\u00e3o corporal contra dois homens na periferia de Fortaleza"},"content":{"rendered":"\n<p>Doze policiais militares viraram r\u00e9us por serem suspeitos dos crimes de&nbsp;tortura e les\u00e3o corporal&nbsp;de dois homens no Bairro Ant\u00f4nio Bezerra, periferia de Fortaleza. A Vara de Autoria Militar do Tribunal de Justi\u00e7a do Cear\u00e1 (TJCE) aceitou a den\u00fancia apresentada pelo Minist\u00e9rio P\u00fablico do Cear\u00e1 (MPCE) nessa segunda-feira (17).<\/p>\n\n\n\n<p>No dia 6 de junho de 2018, de acordo com o N\u00facleo de Investiga\u00e7\u00e3o Criminal (Nuinc) do MPCE, os policiais arrombaram alguns im\u00f3veis para invadir resid\u00eancias do bairro.<\/p>\n\n\n\n<blockquote class=\"wp-block-quote is-layout-flow wp-block-quote-is-layout-flow\"><p>Na ocasi\u00e3o, uma das v\u00edtimas foi retirada de sua pr\u00f3pria casa &#8220;de forma violenta e em seguida foi conduzida a um terreno baldio, onde teria sido torturada com o escopo de indicar nomes de poss\u00edveis traficantes de drogas il\u00edcitas atuantes naquela regi\u00e3o\u201d, escreve o \u00f3rg\u00e3o na den\u00fancia. As a\u00e7\u00f5es foram gravadas por c\u00e2meras de vigil\u00e2ncia.<\/p><\/blockquote>\n\n\n\n<p>A outra v\u00edtima, conforme as investiga\u00e7\u00f5es, foi algemada e espancada sob chutes, socos e pontap\u00e9s. O homem foi submetido a uma sess\u00e3o de &#8220;afogamento no banheiro de sua resid\u00eancia e depois, levado a um terreno abandonado, onde l\u00e1 foi amea\u00e7ado de morte se n\u00e3o revelasse em quais im\u00f3veis se encontravam drogas e armamentos&#8221;, afirma o MP.<\/p>\n\n\n\n<h2 class=\"wp-block-heading\">Omiss\u00e3o de delegada<\/h2>\n\n\n\n<figure class=\"wp-block-image\"><img decoding=\"async\" src=\"https:\/\/s2.glbimg.com\/3hhw-6I8YwY-WYnmNTkUb_dt5nI=\/0x0:1072x722\/984x0\/smart\/filters:strip_icc()\/i.s3.glbimg.com\/v1\/AUTH_59edd422c0c84a879bd37670ae4f538a\/internal_photos\/bs\/2020\/W\/t\/PiA2UOQNCqvDcBVzlPMA\/agressao-1b.jpg\" alt=\"Policiais acusados de agress\u00e3o e tortura viram r\u00e9us ap\u00f3s den\u00fancia do Minist\u00e9rio P\u00fablico \u2014 Foto: Reprodu\u00e7\u00e3o\"\/><\/figure>\n\n\n\n<p>Policiais acusados de agress\u00e3o e tortura viram r\u00e9us ap\u00f3s den\u00fancia do Minist\u00e9rio P\u00fablico \u2014 Foto: Reprodu\u00e7\u00e3o<\/p>\n\n\n\n<p>H\u00e1 ainda outra den\u00fancia relacionada ao caso a qual foi apresentada apenas em julho deste ano. Nesta a\u00e7\u00e3o, o Nuinc pede que a delegada respons\u00e1vel pelo caso seja julgada por omiss\u00e3o perante tortura.<\/p>\n\n\n\n<p>Segundo o \u00f3rg\u00e3o, &#8220;a autoridade policial n\u00e3o apurou, como por lei deveria, o delito de tortura que se mostrava naquela ocasi\u00e3o, bem evidente&#8221;.<\/p>\n","protected":false},"excerpt":{"rendered":"<p>Doze policiais militares viraram r\u00e9us por serem suspeitos dos crimes de&nbsp;tortura e les\u00e3o corporal&nbsp;de dois homens no Bairro Ant\u00f4nio Bezerra, periferia de Fortaleza. A Vara de Autoria Militar do Tribunal de Justi\u00e7a do Cear\u00e1 (TJCE) aceitou a den\u00fancia apresentada pelo Minist\u00e9rio P\u00fablico do Cear\u00e1 (MPCE) nessa segunda-feira (17). No dia 6 de junho de 2018, [&hellip;]<\/p>\n","protected":false},"author":1,"featured_media":851,"comment_status":"open","ping_status":"open","sticky":false,"template":"","format":"standard","meta":{"footnotes":""},"categories":[38],"tags":[],"class_list":{"0":"post-850","1":"post","2":"type-post","3":"status-publish","4":"format-standard","5":"has-post-thumbnail","7":"category-policial"},"_links":{"self":[{"href":"https:\/\/nordesteimprensa.com.br\/index.php\/wp-json\/wp\/v2\/posts\/850","targetHints":{"allow":["GET"]}}],"collection":[{"href":"https:\/\/nordesteimprensa.com.br\/index.php\/wp-json\/wp\/v2\/posts"}],"about":[{"href":"https:\/\/nordesteimprensa.com.br\/index.php\/wp-json\/wp\/v2\/types\/post"}],"author":[{"embeddable":true,"href":"https:\/\/nordesteimprensa.com.br\/index.php\/wp-json\/wp\/v2\/users\/1"}],"replies":[{"embeddable":true,"href":"https:\/\/nordesteimprensa.com.br\/index.php\/wp-json\/wp\/v2\/comments?post=850"}],"version-history":[{"count":1,"href":"https:\/\/nordesteimprensa.com.br\/index.php\/wp-json\/wp\/v2\/posts\/850\/revisions"}],"predecessor-version":[{"id":852,"href":"https:\/\/nordesteimprensa.com.br\/index.php\/wp-json\/wp\/v2\/posts\/850\/revisions\/852"}],"wp:featuredmedia":[{"embeddable":true,"href":"https:\/\/nordesteimprensa.com.br\/index.php\/wp-json\/wp\/v2\/media\/851"}],"wp:attachment":[{"href":"https:\/\/nordesteimprensa.com.br\/index.php\/wp-json\/wp\/v2\/media?parent=850"}],"wp:term":[{"taxonomy":"category","embeddable":true,"href":"https:\/\/nordesteimprensa.com.br\/index.php\/wp-json\/wp\/v2\/categories?post=850"},{"taxonomy":"post_tag","embeddable":true,"href":"https:\/\/nordesteimprensa.com.br\/index.php\/wp-json\/wp\/v2\/tags?post=850"}],"curies":[{"name":"wp","href":"https:\/\/api.w.org\/{rel}","templated":true}]}}