{"id":8538,"date":"2025-12-06T10:10:55","date_gmt":"2025-12-06T13:10:55","guid":{"rendered":"https:\/\/nordesteimprensa.com.br\/?p=8538"},"modified":"2025-12-30T23:55:53","modified_gmt":"2025-12-31T02:55:53","slug":"motociclista-fica-ferido-apos-colidir-com-caminhao-em-nossa-senhora-do-socorro","status":"publish","type":"post","link":"https:\/\/nordesteimprensa.com.br\/index.php\/2025\/12\/06\/motociclista-fica-ferido-apos-colidir-com-caminhao-em-nossa-senhora-do-socorro\/","title":{"rendered":"Motociclista fica ferido ap\u00f3s colidir com caminh\u00e3o em Nossa Senhora do Socorro"},"content":{"rendered":"\n<p>Um motociclista ficou ferido ap\u00f3s colidir com um caminh\u00e3o na manh\u00e3 desta sexta-feira (5) no Conjunto Albano Franco, em Nossa Senhora do Socorro.&nbsp;<\/p>\n\n\n\n<p>O acidente aconteceu quando o caminh\u00e3o, ao acessar um retorno, acabou colidindo lateralmente com a motocicleta. O ve\u00edculo e o motociclista foram parar embaixo do caminh\u00e3o.&nbsp;<\/p>\n\n\n\n<p>O Servi\u00e7o de Atendimento M\u00f3vel (Samu) socorreu a v\u00edtima consciente e a encaminhou para um hospital.&nbsp;<\/p>\n\n\n\n<p>De acordo com moradores da regi\u00e3o, os acidentes nesse retorno s\u00e3o constantes.<\/p>\n\n\n\n<p>Fonte: G1<\/p>\n\n\n\n<p><\/p>\n\n\n\n<p><\/p>\n","protected":false},"excerpt":{"rendered":"<p>Um motociclista ficou ferido ap\u00f3s colidir com um caminh\u00e3o na manh\u00e3 desta sexta-feira (5) no Conjunto Albano Franco, em Nossa Senhora do Socorro.&nbsp; O acidente aconteceu quando o caminh\u00e3o, ao acessar um retorno, acabou colidindo lateralmente com a motocicleta. O ve\u00edculo e o motociclista foram parar embaixo do caminh\u00e3o.&nbsp; O Servi\u00e7o de Atendimento M\u00f3vel (Samu) [&hellip;]<\/p>\n","protected":false},"author":6,"featured_media":8539,"comment_status":"open","ping_status":"open","sticky":false,"template":"","format":"standard","meta":{"footnotes":""},"categories":[10],"tags":[],"class_list":{"0":"post-8538","1":"post","2":"type-post","3":"status-publish","4":"format-standard","5":"has-post-thumbnail","7":"category-theme-features"},"_links":{"self":[{"href":"https:\/\/nordesteimprensa.com.br\/index.php\/wp-json\/wp\/v2\/posts\/8538","targetHints":{"allow":["GET"]}}],"collection":[{"href":"https:\/\/nordesteimprensa.com.br\/index.php\/wp-json\/wp\/v2\/posts"}],"about":[{"href":"https:\/\/nordesteimprensa.com.br\/index.php\/wp-json\/wp\/v2\/types\/post"}],"author":[{"embeddable":true,"href":"https:\/\/nordesteimprensa.com.br\/index.php\/wp-json\/wp\/v2\/users\/6"}],"replies":[{"embeddable":true,"href":"https:\/\/nordesteimprensa.com.br\/index.php\/wp-json\/wp\/v2\/comments?post=8538"}],"version-history":[{"count":1,"href":"https:\/\/nordesteimprensa.com.br\/index.php\/wp-json\/wp\/v2\/posts\/8538\/revisions"}],"predecessor-version":[{"id":8540,"href":"https:\/\/nordesteimprensa.com.br\/index.php\/wp-json\/wp\/v2\/posts\/8538\/revisions\/8540"}],"wp:featuredmedia":[{"embeddable":true,"href":"https:\/\/nordesteimprensa.com.br\/index.php\/wp-json\/wp\/v2\/media\/8539"}],"wp:attachment":[{"href":"https:\/\/nordesteimprensa.com.br\/index.php\/wp-json\/wp\/v2\/media?parent=8538"}],"wp:term":[{"taxonomy":"category","embeddable":true,"href":"https:\/\/nordesteimprensa.com.br\/index.php\/wp-json\/wp\/v2\/categories?post=8538"},{"taxonomy":"post_tag","embeddable":true,"href":"https:\/\/nordesteimprensa.com.br\/index.php\/wp-json\/wp\/v2\/tags?post=8538"}],"curies":[{"name":"wp","href":"https:\/\/api.w.org\/{rel}","templated":true}]}}