{"id":8541,"date":"2025-12-08T12:28:47","date_gmt":"2025-12-08T15:28:47","guid":{"rendered":"https:\/\/nordesteimprensa.com.br\/?p=8541"},"modified":"2025-12-30T23:59:36","modified_gmt":"2025-12-31T02:59:36","slug":"acidente-entre-carro-e-motocicleta-deixa-dois-mortos-em-nossa-senhora-da-gloria","status":"publish","type":"post","link":"https:\/\/nordesteimprensa.com.br\/index.php\/2025\/12\/08\/acidente-entre-carro-e-motocicleta-deixa-dois-mortos-em-nossa-senhora-da-gloria\/","title":{"rendered":"ACIDENTE ENTRE CARRO E MOTOCICLETA DEIXA DOIS MORTOS EM NOSSA SENHORA DA GL\u00d3RIA"},"content":{"rendered":"\n<p>Dois homens morreram em um acidente entre um carro e uma motocicleta registrado na madrugada desta segunda-feira (8) na cidade de Nossa Senhora da Gl\u00f3ria. A informa\u00e7\u00e3o foi confirmada pela Pol\u00edcia Militar.&nbsp;<\/p>\n\n\n\n<p>O Servi\u00e7o de Atendimento M\u00f3vel de Urg\u00eancia (Samu) constatou uma das mortes ainda no local do acidente. O Institulo M\u00e9dico Legal (IML) e Policia Cientifica foram acionados.&nbsp;<\/p>\n\n\n\n<p>Segundo a SSP, a motocicleta em que as v\u00edtimas estavam ficou destru\u00edda. O condutor do carro fugiu do local.&nbsp;<\/p>\n\n\n\n<p>Fonte: G1<\/p>\n","protected":false},"excerpt":{"rendered":"<p>Dois homens morreram em um acidente entre um carro e uma motocicleta registrado na madrugada desta segunda-feira (8) na cidade de Nossa Senhora da Gl\u00f3ria. A informa\u00e7\u00e3o foi confirmada pela Pol\u00edcia Militar.&nbsp; O Servi\u00e7o de Atendimento M\u00f3vel de Urg\u00eancia (Samu) constatou uma das mortes ainda no local do acidente. O Institulo M\u00e9dico Legal (IML) e [&hellip;]<\/p>\n","protected":false},"author":6,"featured_media":8542,"comment_status":"open","ping_status":"open","sticky":false,"template":"","format":"standard","meta":{"footnotes":""},"categories":[10],"tags":[],"class_list":{"0":"post-8541","1":"post","2":"type-post","3":"status-publish","4":"format-standard","5":"has-post-thumbnail","7":"category-theme-features"},"_links":{"self":[{"href":"https:\/\/nordesteimprensa.com.br\/index.php\/wp-json\/wp\/v2\/posts\/8541","targetHints":{"allow":["GET"]}}],"collection":[{"href":"https:\/\/nordesteimprensa.com.br\/index.php\/wp-json\/wp\/v2\/posts"}],"about":[{"href":"https:\/\/nordesteimprensa.com.br\/index.php\/wp-json\/wp\/v2\/types\/post"}],"author":[{"embeddable":true,"href":"https:\/\/nordesteimprensa.com.br\/index.php\/wp-json\/wp\/v2\/users\/6"}],"replies":[{"embeddable":true,"href":"https:\/\/nordesteimprensa.com.br\/index.php\/wp-json\/wp\/v2\/comments?post=8541"}],"version-history":[{"count":1,"href":"https:\/\/nordesteimprensa.com.br\/index.php\/wp-json\/wp\/v2\/posts\/8541\/revisions"}],"predecessor-version":[{"id":8543,"href":"https:\/\/nordesteimprensa.com.br\/index.php\/wp-json\/wp\/v2\/posts\/8541\/revisions\/8543"}],"wp:featuredmedia":[{"embeddable":true,"href":"https:\/\/nordesteimprensa.com.br\/index.php\/wp-json\/wp\/v2\/media\/8542"}],"wp:attachment":[{"href":"https:\/\/nordesteimprensa.com.br\/index.php\/wp-json\/wp\/v2\/media?parent=8541"}],"wp:term":[{"taxonomy":"category","embeddable":true,"href":"https:\/\/nordesteimprensa.com.br\/index.php\/wp-json\/wp\/v2\/categories?post=8541"},{"taxonomy":"post_tag","embeddable":true,"href":"https:\/\/nordesteimprensa.com.br\/index.php\/wp-json\/wp\/v2\/tags?post=8541"}],"curies":[{"name":"wp","href":"https:\/\/api.w.org\/{rel}","templated":true}]}}