{"id":8544,"date":"2025-12-08T12:30:48","date_gmt":"2025-12-08T15:30:48","guid":{"rendered":"https:\/\/nordesteimprensa.com.br\/?p=8544"},"modified":"2025-12-30T23:59:29","modified_gmt":"2025-12-31T02:59:29","slug":"festa-da-conceicao-movimenta-aracaju-com-novenario-procissao-e-lavagem-das-escadarias","status":"publish","type":"post","link":"https:\/\/nordesteimprensa.com.br\/index.php\/2025\/12\/08\/festa-da-conceicao-movimenta-aracaju-com-novenario-procissao-e-lavagem-das-escadarias\/","title":{"rendered":"Festa da Concei\u00e7\u00e3o movimenta Aracaju com noven\u00e1rio, prociss\u00e3o e Lavagem das Escadarias"},"content":{"rendered":"\n<p>A tradicional homenagem a Nossa Senhora da Concei\u00e7\u00e3o, padroeira de Aracaju, volta a movimentar a capital com uma programa\u00e7\u00e3o que une f\u00e9, cultura e ancestralidade. Neste 8 de dezembro, cat\u00f3licos e povos de terreiro celebram conjuntamente a data, reafirmando o sincretismo entre a santa cat\u00f3lica e Oxum, orix\u00e1 associada \u00e0s \u00e1guas doces, ao amor e \u00e0 fertilidade.<\/p>\n\n\n\n<p>A devo\u00e7\u00e3o \u00e0 Imaculada Concei\u00e7\u00e3o acompanha a hist\u00f3ria de Aracaju desde o s\u00e9culo XIX, quando a capital foi transferida de S\u00e3o Crist\u00f3v\u00e3o para \u00e0s margens do rio Sergipe. A constru\u00e7\u00e3o da Catedral, conclu\u00edda em 1875, consolidou a santa como s\u00edmbolo espiritual da cidade.<\/p>\n\n\n\n<p>Paralelamente, a Lavagem da Concei\u00e7\u00e3o completa 43 anos como uma das manifesta\u00e7\u00f5es mais marcantes da cultura religiosa sergipana. O ritual, organizado pelos povos de terreiro, sai da Colina do Santo Ant\u00f4nio em dire\u00e7\u00e3o \u00e0 Catedral, onde as escadarias s\u00e3o lavadas em rever\u00eancia a Oxum.<\/p>\n\n\n\n<p><em>Programa\u00e7\u00e3o desta segunda-feira (8):<\/em><\/p>\n\n\n\n<p><strong>Cat\u00f3licos<\/strong><\/p>\n\n\n\n<ul class=\"wp-block-list\">\n<li>7h \u2013 Missa dos devotos<\/li>\n\n\n\n<li>9h30 \u2013 Missa solene presidida pelo arcebispo Dom Josaf\u00e1 Menezes<\/li>\n\n\n\n<li>15h30 \u2013 Celebra\u00e7\u00e3o seguida de consagra\u00e7\u00e3o<\/li>\n\n\n\n<li>16h30 \u2013 Prociss\u00e3o pelas ruas da cidade, retornando \u00e0 Catedral<\/li>\n\n\n\n<li>18h \u2013 Missa de encerramento, com agradecimentos pelos feitos atribu\u00eddos \u00e0 intercess\u00e3o da santa<\/li>\n<\/ul>\n\n\n\n<p><strong>Povos de terreiro \u2013 Lavagem da Concei\u00e7\u00e3o<\/strong><\/p>\n\n\n\n<ul class=\"wp-block-list\">\n<li>8h \u2013 Concentra\u00e7\u00e3o na Colina do Santo Ant\u00f4nio<\/li>\n\n\n\n<li>9h \u2013 Sa\u00edda do cortejo, com apresenta\u00e7\u00e3o inicial sobre o tema do ano<\/li>\n\n\n\n<li>Percurso: avenidas Sime\u00e3o Sobral, Jo\u00e3o Ribeiro e Ivo do Prado<\/li>\n\n\n\n<li>Paradas:<br>Mercado, para homenagem das mulheres das flores a Oxum<br>Exposi\u00e7\u00e3o de obras inspiradas na lavagem<br>Ponte do Imperador, para o encontro entre rio e mar e entrega do balaio ritual<\/li>\n\n\n\n<li>Encerramento: Lavagem das escadarias da Catedral Metropolitana<\/li>\n<\/ul>\n\n\n\n<p>Fonte: A8se<\/p>\n","protected":false},"excerpt":{"rendered":"<p>A tradicional homenagem a Nossa Senhora da Concei\u00e7\u00e3o, padroeira de Aracaju, volta a movimentar a capital com uma programa\u00e7\u00e3o que une f\u00e9, cultura e ancestralidade. Neste 8 de dezembro, cat\u00f3licos e povos de terreiro celebram conjuntamente a data, reafirmando o sincretismo entre a santa cat\u00f3lica e Oxum, orix\u00e1 associada \u00e0s \u00e1guas doces, ao amor e [&hellip;]<\/p>\n","protected":false},"author":6,"featured_media":8545,"comment_status":"open","ping_status":"open","sticky":false,"template":"","format":"standard","meta":{"footnotes":""},"categories":[10],"tags":[],"class_list":{"0":"post-8544","1":"post","2":"type-post","3":"status-publish","4":"format-standard","5":"has-post-thumbnail","7":"category-theme-features"},"_links":{"self":[{"href":"https:\/\/nordesteimprensa.com.br\/index.php\/wp-json\/wp\/v2\/posts\/8544","targetHints":{"allow":["GET"]}}],"collection":[{"href":"https:\/\/nordesteimprensa.com.br\/index.php\/wp-json\/wp\/v2\/posts"}],"about":[{"href":"https:\/\/nordesteimprensa.com.br\/index.php\/wp-json\/wp\/v2\/types\/post"}],"author":[{"embeddable":true,"href":"https:\/\/nordesteimprensa.com.br\/index.php\/wp-json\/wp\/v2\/users\/6"}],"replies":[{"embeddable":true,"href":"https:\/\/nordesteimprensa.com.br\/index.php\/wp-json\/wp\/v2\/comments?post=8544"}],"version-history":[{"count":1,"href":"https:\/\/nordesteimprensa.com.br\/index.php\/wp-json\/wp\/v2\/posts\/8544\/revisions"}],"predecessor-version":[{"id":8546,"href":"https:\/\/nordesteimprensa.com.br\/index.php\/wp-json\/wp\/v2\/posts\/8544\/revisions\/8546"}],"wp:featuredmedia":[{"embeddable":true,"href":"https:\/\/nordesteimprensa.com.br\/index.php\/wp-json\/wp\/v2\/media\/8545"}],"wp:attachment":[{"href":"https:\/\/nordesteimprensa.com.br\/index.php\/wp-json\/wp\/v2\/media?parent=8544"}],"wp:term":[{"taxonomy":"category","embeddable":true,"href":"https:\/\/nordesteimprensa.com.br\/index.php\/wp-json\/wp\/v2\/categories?post=8544"},{"taxonomy":"post_tag","embeddable":true,"href":"https:\/\/nordesteimprensa.com.br\/index.php\/wp-json\/wp\/v2\/tags?post=8544"}],"curies":[{"name":"wp","href":"https:\/\/api.w.org\/{rel}","templated":true}]}}