{"id":8551,"date":"2025-12-09T10:43:42","date_gmt":"2025-12-09T13:43:42","guid":{"rendered":"https:\/\/nordesteimprensa.com.br\/?p=8551"},"modified":"2025-12-30T23:59:15","modified_gmt":"2025-12-31T02:59:15","slug":"sefaz-apreende-16-toneladas-de-calabresa-sem-nota-fiscal-em-sergipe","status":"publish","type":"post","link":"https:\/\/nordesteimprensa.com.br\/index.php\/2025\/12\/09\/sefaz-apreende-16-toneladas-de-calabresa-sem-nota-fiscal-em-sergipe\/","title":{"rendered":"Sefaz apreende 16 toneladas de calabresa sem nota fiscal em Sergipe"},"content":{"rendered":"\n<p>A Secretaria de Estado da Fazenda (Sefaz) apreendeu uma carga de 16,2 toneladas de calabresa, sem documenta\u00e7\u00e3o fiscal durante uma a\u00e7\u00e3o de rotina no Posto Fiscal de Cristin\u00e1polis na quinta-feira, 4. O caminh\u00e3o, que vinha do Rio de Janeiro e tinha como destino o Cear\u00e1, transportava os produtos sem nota fiscal.<\/p>\n\n\n\n<p>Ap\u00f3s a confer\u00eancia, os auditores lavraram auto de infra\u00e7\u00e3o para cobran\u00e7a do ICMS devido e multa, resultando no recolhimento de R$ 105 mil aos cofres p\u00fablicos.<\/p>\n\n\n\n<p>Na mesma data, uma segunda a\u00e7\u00e3o foi realizada pela equipe do Comando Fiscal. A opera\u00e7\u00e3o interceptou uma carreta vinda de S\u00e3o Paulo, com destino ao munic\u00edpio de Itabaiana, carregada com produtos aliment\u00edcios desacompanhados de nota fiscal. Nesse caso, o procedimento de auditoria gerou novo auto de infra\u00e7\u00e3o e contribuiu para a recupera\u00e7\u00e3o de R$ 71,5 mil em impostos e multas.<\/p>\n\n\n\n<p>Ap\u00f3s o pagamento dos valores, as mercadorias foram liberadas para os destinat\u00e1rios.<\/p>\n\n\n\n<p>Fonte: Infonet<\/p>\n","protected":false},"excerpt":{"rendered":"<p>A Secretaria de Estado da Fazenda (Sefaz) apreendeu uma carga de 16,2 toneladas de calabresa, sem documenta\u00e7\u00e3o fiscal durante uma a\u00e7\u00e3o de rotina no Posto Fiscal de Cristin\u00e1polis na quinta-feira, 4. O caminh\u00e3o, que vinha do Rio de Janeiro e tinha como destino o Cear\u00e1, transportava os produtos sem nota fiscal. Ap\u00f3s a confer\u00eancia, os [&hellip;]<\/p>\n","protected":false},"author":6,"featured_media":8552,"comment_status":"open","ping_status":"open","sticky":false,"template":"","format":"standard","meta":{"footnotes":""},"categories":[10],"tags":[],"class_list":{"0":"post-8551","1":"post","2":"type-post","3":"status-publish","4":"format-standard","5":"has-post-thumbnail","7":"category-theme-features"},"_links":{"self":[{"href":"https:\/\/nordesteimprensa.com.br\/index.php\/wp-json\/wp\/v2\/posts\/8551","targetHints":{"allow":["GET"]}}],"collection":[{"href":"https:\/\/nordesteimprensa.com.br\/index.php\/wp-json\/wp\/v2\/posts"}],"about":[{"href":"https:\/\/nordesteimprensa.com.br\/index.php\/wp-json\/wp\/v2\/types\/post"}],"author":[{"embeddable":true,"href":"https:\/\/nordesteimprensa.com.br\/index.php\/wp-json\/wp\/v2\/users\/6"}],"replies":[{"embeddable":true,"href":"https:\/\/nordesteimprensa.com.br\/index.php\/wp-json\/wp\/v2\/comments?post=8551"}],"version-history":[{"count":1,"href":"https:\/\/nordesteimprensa.com.br\/index.php\/wp-json\/wp\/v2\/posts\/8551\/revisions"}],"predecessor-version":[{"id":8553,"href":"https:\/\/nordesteimprensa.com.br\/index.php\/wp-json\/wp\/v2\/posts\/8551\/revisions\/8553"}],"wp:featuredmedia":[{"embeddable":true,"href":"https:\/\/nordesteimprensa.com.br\/index.php\/wp-json\/wp\/v2\/media\/8552"}],"wp:attachment":[{"href":"https:\/\/nordesteimprensa.com.br\/index.php\/wp-json\/wp\/v2\/media?parent=8551"}],"wp:term":[{"taxonomy":"category","embeddable":true,"href":"https:\/\/nordesteimprensa.com.br\/index.php\/wp-json\/wp\/v2\/categories?post=8551"},{"taxonomy":"post_tag","embeddable":true,"href":"https:\/\/nordesteimprensa.com.br\/index.php\/wp-json\/wp\/v2\/tags?post=8551"}],"curies":[{"name":"wp","href":"https:\/\/api.w.org\/{rel}","templated":true}]}}