{"id":8555,"date":"2025-12-10T10:46:37","date_gmt":"2025-12-10T13:46:37","guid":{"rendered":"https:\/\/nordesteimprensa.com.br\/?p=8555"},"modified":"2025-12-31T00:03:15","modified_gmt":"2025-12-31T03:03:15","slug":"acidente-entre-moto-e-caminhonete-deixa-transito-lento-na-avenida-hermes-fontes-em-aracaju","status":"publish","type":"post","link":"https:\/\/nordesteimprensa.com.br\/index.php\/2025\/12\/10\/acidente-entre-moto-e-caminhonete-deixa-transito-lento-na-avenida-hermes-fontes-em-aracaju\/","title":{"rendered":"Acidente entre moto e caminhonete deixa tr\u00e2nsito lento na Avenida Hermes Fontes em Aracaju"},"content":{"rendered":"\n<p>Um acidente entre uma moto e uma caminhonete deixou o tr\u00e2nsito lento na Avenida Hermes Fontes em&nbsp;Aracaju, na manh\u00e3 desta quarta-feira (10). A informa\u00e7\u00e3o foi confirmada pela Superintend\u00eancia de Transporte e Tr\u00e2nsito (SMTT).&nbsp;<\/p>\n\n\n\n<p>De acordo com as informa\u00e7\u00f5es iniciais, a motociclista parou devido ao sem\u00e1foro, quando a caminhonete acertou a trseira do ve\u00edculo. A condutora ficou ferida e foi socorrida pelo Servi\u00e7o de Atendimento M\u00f3vel de Urg\u00eancia (Samu).&nbsp;<\/p>\n\n\n\n<p>A v\u00edtima foi encaminhada para o Hospital de Urg\u00eancias de Sergipe (Huse). Ainda n\u00e3o h\u00e1 informa\u00e7\u00f5es sobre o estado de sa\u00fade dela.&nbsp;<\/p>\n\n\n\n<figure class=\"wp-block-image\"><img decoding=\"async\" src=\"https:\/\/s2-g1.glbimg.com\/WUHb_ktbKwDeeFy_diGcpZ8JoiM=\/0x0:1700x1179\/984x0\/smart\/filters:strip_icc()\/i.s3.glbimg.com\/v1\/AUTH_59edd422c0c84a879bd37670ae4f538a\/internal_photos\/bs\/2025\/P\/u\/VXhGg9QEu26Aoibn9Xww\/hermes.jpg\" alt=\"Motociclista fica ferida ap\u00f3s colidir com caminhonete e tr\u00e3nsito fica lento na Avenida Hermes Fontes. \u2014 Foto: SMTT\"\/><\/figure>\n\n\n\n<p>Fonte: G1<\/p>\n","protected":false},"excerpt":{"rendered":"<p>Um acidente entre uma moto e uma caminhonete deixou o tr\u00e2nsito lento na Avenida Hermes Fontes em&nbsp;Aracaju, na manh\u00e3 desta quarta-feira (10). A informa\u00e7\u00e3o foi confirmada pela Superintend\u00eancia de Transporte e Tr\u00e2nsito (SMTT).&nbsp; De acordo com as informa\u00e7\u00f5es iniciais, a motociclista parou devido ao sem\u00e1foro, quando a caminhonete acertou a trseira do ve\u00edculo. A condutora [&hellip;]<\/p>\n","protected":false},"author":6,"featured_media":8556,"comment_status":"open","ping_status":"open","sticky":false,"template":"","format":"standard","meta":{"footnotes":""},"categories":[10],"tags":[],"class_list":{"0":"post-8555","1":"post","2":"type-post","3":"status-publish","4":"format-standard","5":"has-post-thumbnail","7":"category-theme-features"},"_links":{"self":[{"href":"https:\/\/nordesteimprensa.com.br\/index.php\/wp-json\/wp\/v2\/posts\/8555","targetHints":{"allow":["GET"]}}],"collection":[{"href":"https:\/\/nordesteimprensa.com.br\/index.php\/wp-json\/wp\/v2\/posts"}],"about":[{"href":"https:\/\/nordesteimprensa.com.br\/index.php\/wp-json\/wp\/v2\/types\/post"}],"author":[{"embeddable":true,"href":"https:\/\/nordesteimprensa.com.br\/index.php\/wp-json\/wp\/v2\/users\/6"}],"replies":[{"embeddable":true,"href":"https:\/\/nordesteimprensa.com.br\/index.php\/wp-json\/wp\/v2\/comments?post=8555"}],"version-history":[{"count":1,"href":"https:\/\/nordesteimprensa.com.br\/index.php\/wp-json\/wp\/v2\/posts\/8555\/revisions"}],"predecessor-version":[{"id":8557,"href":"https:\/\/nordesteimprensa.com.br\/index.php\/wp-json\/wp\/v2\/posts\/8555\/revisions\/8557"}],"wp:featuredmedia":[{"embeddable":true,"href":"https:\/\/nordesteimprensa.com.br\/index.php\/wp-json\/wp\/v2\/media\/8556"}],"wp:attachment":[{"href":"https:\/\/nordesteimprensa.com.br\/index.php\/wp-json\/wp\/v2\/media?parent=8555"}],"wp:term":[{"taxonomy":"category","embeddable":true,"href":"https:\/\/nordesteimprensa.com.br\/index.php\/wp-json\/wp\/v2\/categories?post=8555"},{"taxonomy":"post_tag","embeddable":true,"href":"https:\/\/nordesteimprensa.com.br\/index.php\/wp-json\/wp\/v2\/tags?post=8555"}],"curies":[{"name":"wp","href":"https:\/\/api.w.org\/{rel}","templated":true}]}}