{"id":8564,"date":"2025-12-12T10:27:43","date_gmt":"2025-12-12T13:27:43","guid":{"rendered":"https:\/\/nordesteimprensa.com.br\/?p=8564"},"modified":"2025-12-31T00:02:34","modified_gmt":"2025-12-31T03:02:34","slug":"homem-e-detido-apos-ameacar-companheira-de-morte-em-lagarto","status":"publish","type":"post","link":"https:\/\/nordesteimprensa.com.br\/index.php\/2025\/12\/12\/homem-e-detido-apos-ameacar-companheira-de-morte-em-lagarto\/","title":{"rendered":"Homem \u00e9 detido ap\u00f3s amea\u00e7ar companheira de morte em Lagarto"},"content":{"rendered":"\n<p>Policiais do 7\u00ba Batalh\u00e3o da PM prenderam, nesta ter\u00e7a-feira (9), um homem suspeito de amea\u00e7ar de morte a pr\u00f3pria companheira no Bairro S\u00e3o Jos\u00e9, em Lagarto.<\/p>\n\n\n\n<p>A equipe foi acionada pelo Ciosp ap\u00f3s den\u00fancia de viol\u00eancia dom\u00e9stica. No local, a v\u00edtima, bastante abalada, relatou que o parceiro afirmou que iria mat\u00e1-la com&nbsp;<strong>tr\u00eas facadas<\/strong>.<\/p>\n\n\n\n<p>O suspeito foi localizado pouco depois. Ele negou as amea\u00e7as, mas admitiu que derrubou de prop\u00f3sito um bolo da v\u00edtima durante uma discuss\u00e3o.<\/p>\n\n\n\n<p>O homem foi levado \u00e0 Delegacia Regional de Lagarto, onde as medidas cab\u00edveis est\u00e3o sendo adotadas.<\/p>\n\n\n\n<p>Fonte: Portal Itnet<\/p>\n","protected":false},"excerpt":{"rendered":"<p>Policiais do 7\u00ba Batalh\u00e3o da PM prenderam, nesta ter\u00e7a-feira (9), um homem suspeito de amea\u00e7ar de morte a pr\u00f3pria companheira no Bairro S\u00e3o Jos\u00e9, em Lagarto. A equipe foi acionada pelo Ciosp ap\u00f3s den\u00fancia de viol\u00eancia dom\u00e9stica. No local, a v\u00edtima, bastante abalada, relatou que o parceiro afirmou que iria mat\u00e1-la com&nbsp;tr\u00eas facadas. O suspeito [&hellip;]<\/p>\n","protected":false},"author":6,"featured_media":8565,"comment_status":"open","ping_status":"open","sticky":false,"template":"","format":"standard","meta":{"footnotes":""},"categories":[10],"tags":[],"class_list":{"0":"post-8564","1":"post","2":"type-post","3":"status-publish","4":"format-standard","5":"has-post-thumbnail","7":"category-theme-features"},"_links":{"self":[{"href":"https:\/\/nordesteimprensa.com.br\/index.php\/wp-json\/wp\/v2\/posts\/8564","targetHints":{"allow":["GET"]}}],"collection":[{"href":"https:\/\/nordesteimprensa.com.br\/index.php\/wp-json\/wp\/v2\/posts"}],"about":[{"href":"https:\/\/nordesteimprensa.com.br\/index.php\/wp-json\/wp\/v2\/types\/post"}],"author":[{"embeddable":true,"href":"https:\/\/nordesteimprensa.com.br\/index.php\/wp-json\/wp\/v2\/users\/6"}],"replies":[{"embeddable":true,"href":"https:\/\/nordesteimprensa.com.br\/index.php\/wp-json\/wp\/v2\/comments?post=8564"}],"version-history":[{"count":1,"href":"https:\/\/nordesteimprensa.com.br\/index.php\/wp-json\/wp\/v2\/posts\/8564\/revisions"}],"predecessor-version":[{"id":8566,"href":"https:\/\/nordesteimprensa.com.br\/index.php\/wp-json\/wp\/v2\/posts\/8564\/revisions\/8566"}],"wp:featuredmedia":[{"embeddable":true,"href":"https:\/\/nordesteimprensa.com.br\/index.php\/wp-json\/wp\/v2\/media\/8565"}],"wp:attachment":[{"href":"https:\/\/nordesteimprensa.com.br\/index.php\/wp-json\/wp\/v2\/media?parent=8564"}],"wp:term":[{"taxonomy":"category","embeddable":true,"href":"https:\/\/nordesteimprensa.com.br\/index.php\/wp-json\/wp\/v2\/categories?post=8564"},{"taxonomy":"post_tag","embeddable":true,"href":"https:\/\/nordesteimprensa.com.br\/index.php\/wp-json\/wp\/v2\/tags?post=8564"}],"curies":[{"name":"wp","href":"https:\/\/api.w.org\/{rel}","templated":true}]}}