{"id":8577,"date":"2025-11-14T17:16:00","date_gmt":"2025-11-14T20:16:00","guid":{"rendered":"https:\/\/nordesteimprensa.com.br\/?p=8577"},"modified":"2025-12-15T15:06:03","modified_gmt":"2025-12-15T18:06:03","slug":"renegociacao-de-debitos-com-o-estado-esta-disponivel-ate-dezembro","status":"publish","type":"post","link":"https:\/\/nordesteimprensa.com.br\/index.php\/2025\/11\/14\/renegociacao-de-debitos-com-o-estado-esta-disponivel-ate-dezembro\/","title":{"rendered":"Renegocia\u00e7\u00e3o de d\u00e9bitos com o Estado est\u00e1 dispon\u00edvel at\u00e9 dezembro"},"content":{"rendered":"\n<p>Contribuintes sergipanos t\u00eam at\u00e9 dezembro para negociar d\u00e9bitos junto \u00e0 Secretaria de Estado da Fazenda (Sefaz) com descontos e condi\u00e7\u00f5es especiais por meio do Programa de Autorregulariza\u00e7\u00e3o (Refis) 2025. Al\u00e9m do Imposto sobre Circula\u00e7\u00e3o de Mercadorias e Servi\u00e7os (ICMS), tamb\u00e9m est\u00e3o dispon\u00edveis as negocia\u00e7\u00f5es do Imposto sobre a Propriedade de Ve\u00edculos Automotores (IPVA) e do Imposto sobre Transmiss\u00e3o Causa Mortis e Doa\u00e7\u00e3o (ITCMD). A amplia\u00e7\u00e3o do programa permite que pessoas f\u00edsicas e jur\u00eddicas regularizem suas pend\u00eancias fiscais com abatimentos que chegam a 95% em juros e multas.<\/p>\n\n\n\n<p>Para o IPVA, podem aderir contribuintes com d\u00e9bitos at\u00e9 o ano-calend\u00e1rio de 2024. A d\u00edvida pode ser parcelada em at\u00e9 48 vezes, com parcela m\u00ednima de R$ 153,98 e descontos de at\u00e9 90% em multas e juros.<\/p>\n\n\n\n<p>J\u00e1 no caso do ITCMD, a renegocia\u00e7\u00e3o abrange d\u00e9bitos at\u00e9 31 de dezembro de 2024, com parcelamento em at\u00e9 60 vezes, parcela m\u00ednima de R$ 384,95 e redu\u00e7\u00e3o de at\u00e9 90% em multas e juros. O programa tamb\u00e9m reduziu temporariamente as al\u00edquotas do ITCMD para 3% nas transmiss\u00f5es por heran\u00e7a e 1% nas doa\u00e7\u00f5es. O prazo para renegociar IPVA e ITCMD vai at\u00e9 26 de dezembro de 2025.<\/p>\n\n\n\n<p>O ICMS segue com ades\u00e3o aberta at\u00e9 12 de dezembro para d\u00e9bitos contra\u00eddos at\u00e9 28 de fevereiro de 2025. O parcelamento pode ser feito em at\u00e9 60 vezes, com parcela m\u00ednima de R$ 384,95 e descontos de at\u00e9 95% em juros e multas. At\u00e9 o momento, o Refis j\u00e1 recuperou R$ 69 milh\u00f5es relacionados ao ICMS.<\/p>\n\n\n\n<p>A ades\u00e3o deve ser feita no site da Secretaria de Estado da Fazenda, no Portal da Autorregulariza\u00e7\u00e3o (https:\/\/www.sefaz.se.gov.br\/SitePages\/login_autoreg.aspx). Para o IPVA e o ITCMD, o contribuinte deve informar o CPF e, no caso do IPVA, tamb\u00e9m o Renavam. Para o ICMS, \u00e9 necess\u00e1rio informar a Inscri\u00e7\u00e3o Estadual e o CPF ou CNPJ do respons\u00e1vel.<\/p>\n\n\n\n<p>A renegocia\u00e7\u00e3o \u00e9 importante para o contribuinte porque permite regularizar pend\u00eancias, evitar novas cobran\u00e7as e manter o acesso a servi\u00e7os que exigem situa\u00e7\u00e3o fiscal regularizada. Para o Estado, a medida refor\u00e7a a arrecada\u00e7\u00e3o e amplia a capacidade de investimento em servi\u00e7os p\u00fablicos essenciais.<\/p>\n\n\n\n<figure class=\"wp-block-image size-large\"><img loading=\"lazy\" decoding=\"async\" width=\"1024\" height=\"768\" src=\"https:\/\/nordesteimprensa.com.br\/wp-content\/uploads\/2025\/12\/9c397685-88be-4a4f-958b-c55671b3cb7a-1024x768.jpeg\" alt=\"\" class=\"wp-image-8579\" srcset=\"https:\/\/nordesteimprensa.com.br\/wp-content\/uploads\/2025\/12\/9c397685-88be-4a4f-958b-c55671b3cb7a-1024x768.jpeg 1024w, https:\/\/nordesteimprensa.com.br\/wp-content\/uploads\/2025\/12\/9c397685-88be-4a4f-958b-c55671b3cb7a-300x225.jpeg 300w, https:\/\/nordesteimprensa.com.br\/wp-content\/uploads\/2025\/12\/9c397685-88be-4a4f-958b-c55671b3cb7a-768x576.jpeg 768w, https:\/\/nordesteimprensa.com.br\/wp-content\/uploads\/2025\/12\/9c397685-88be-4a4f-958b-c55671b3cb7a-80x60.jpeg 80w, https:\/\/nordesteimprensa.com.br\/wp-content\/uploads\/2025\/12\/9c397685-88be-4a4f-958b-c55671b3cb7a.jpeg 1100w\" sizes=\"auto, (max-width: 1024px) 100vw, 1024px\" \/><\/figure>\n","protected":false},"excerpt":{"rendered":"<p>Contribuintes sergipanos t\u00eam at\u00e9 dezembro para negociar d\u00e9bitos junto \u00e0 Secretaria de Estado da Fazenda (Sefaz) com descontos e condi\u00e7\u00f5es especiais por meio do Programa de Autorregulariza\u00e7\u00e3o (Refis) 2025. Al\u00e9m do Imposto sobre Circula\u00e7\u00e3o de Mercadorias e Servi\u00e7os (ICMS), tamb\u00e9m est\u00e3o dispon\u00edveis as negocia\u00e7\u00f5es do Imposto sobre a Propriedade de Ve\u00edculos Automotores (IPVA) e do [&hellip;]<\/p>\n","protected":false},"author":6,"featured_media":8578,"comment_status":"open","ping_status":"open","sticky":false,"template":"","format":"standard","meta":{"footnotes":""},"categories":[10],"tags":[],"class_list":{"0":"post-8577","1":"post","2":"type-post","3":"status-publish","4":"format-standard","5":"has-post-thumbnail","7":"category-theme-features"},"_links":{"self":[{"href":"https:\/\/nordesteimprensa.com.br\/index.php\/wp-json\/wp\/v2\/posts\/8577","targetHints":{"allow":["GET"]}}],"collection":[{"href":"https:\/\/nordesteimprensa.com.br\/index.php\/wp-json\/wp\/v2\/posts"}],"about":[{"href":"https:\/\/nordesteimprensa.com.br\/index.php\/wp-json\/wp\/v2\/types\/post"}],"author":[{"embeddable":true,"href":"https:\/\/nordesteimprensa.com.br\/index.php\/wp-json\/wp\/v2\/users\/6"}],"replies":[{"embeddable":true,"href":"https:\/\/nordesteimprensa.com.br\/index.php\/wp-json\/wp\/v2\/comments?post=8577"}],"version-history":[{"count":1,"href":"https:\/\/nordesteimprensa.com.br\/index.php\/wp-json\/wp\/v2\/posts\/8577\/revisions"}],"predecessor-version":[{"id":8580,"href":"https:\/\/nordesteimprensa.com.br\/index.php\/wp-json\/wp\/v2\/posts\/8577\/revisions\/8580"}],"wp:featuredmedia":[{"embeddable":true,"href":"https:\/\/nordesteimprensa.com.br\/index.php\/wp-json\/wp\/v2\/media\/8578"}],"wp:attachment":[{"href":"https:\/\/nordesteimprensa.com.br\/index.php\/wp-json\/wp\/v2\/media?parent=8577"}],"wp:term":[{"taxonomy":"category","embeddable":true,"href":"https:\/\/nordesteimprensa.com.br\/index.php\/wp-json\/wp\/v2\/categories?post=8577"},{"taxonomy":"post_tag","embeddable":true,"href":"https:\/\/nordesteimprensa.com.br\/index.php\/wp-json\/wp\/v2\/tags?post=8577"}],"curies":[{"name":"wp","href":"https:\/\/api.w.org\/{rel}","templated":true}]}}