{"id":8581,"date":"2025-11-19T14:18:27","date_gmt":"2025-11-19T17:18:27","guid":{"rendered":"https:\/\/nordesteimprensa.com.br\/?p=8581"},"modified":"2025-12-15T15:34:03","modified_gmt":"2025-12-15T18:34:03","slug":"sergipe-alcanca-menor-taxa-de-desemprego-desde-2012","status":"publish","type":"post","link":"https:\/\/nordesteimprensa.com.br\/index.php\/2025\/11\/19\/sergipe-alcanca-menor-taxa-de-desemprego-desde-2012\/","title":{"rendered":"Sergipe alcan\u00e7a menor taxa de desemprego desde 2012"},"content":{"rendered":"\n<p><em>Resultado positivo \u00e9 reflexo das pol\u00edticas p\u00fablicas de gera\u00e7\u00e3o de emprego e renda adotadas pelo Governo do Estado<\/em><\/p>\n\n\n\n<p>Sergipe atingiu a menor taxa de desemprego desde 2012. \u00c9 o que apontam os dados da Pesquisa Nacional por Amostra de Domic\u00edlios Cont\u00ednua (Pnad Cont\u00ednua), divulgados pelo Instituto Brasileiro de Geografia e Estat\u00edstica (IBGE). De acordo com o levantamento, a taxa de desocupa\u00e7\u00e3o no estado caiu de 8,1% no segundo trimestre de 2025 para 7,7% no terceiro trimestre. Esse \u00e9 o menor \u00edndice registrado pelo estado na s\u00e9rie hist\u00f3rica do estudo, iniciado em 2012.<\/p>\n\n\n\n<p>A Pnad aponta ainda que o trabalho informal em Sergipe caiu de 49,1% no segundo trimestre para 47,5% no terceiro trimestre deste ano, uma redu\u00e7\u00e3o de 1,6 ponto percentual. A queda reflete o avan\u00e7o dos empregos com carteira assinada, que somaram 357.444 trabalhadores em setembro, segundo dados do Minist\u00e9rio do Trabalho e Emprego (MTE). O n\u00famero supera, inclusive, a quantidade de benefici\u00e1rios do programa Bolsa Fam\u00edlia no estado, atualmente em 356 mil.<\/p>\n\n\n\n<p>Com a queda do desemprego e o aumento da formaliza\u00e7\u00e3o, o rendimento m\u00e9dio dos sergipanos tamb\u00e9m cresceu, alcan\u00e7ando o maior valor entre os estados do Nordeste. Segundo an\u00e1lises do Observat\u00f3rio do Trabalho, \u00f3rg\u00e3o vinculado \u00e0 Seteem, a renda m\u00e9dia real no estado chegou a R$ 2.905, um aumento de R$ 660 em rela\u00e7\u00e3o ao \u00faltimo trimestre de 2022, equivalente a uma alta de 13,3%.<\/p>\n\n\n\n<p>Os resultados positivos est\u00e3o diretamente relacionados \u00e0s pol\u00edticas p\u00fablicas de gera\u00e7\u00e3o de emprego e renda implementadas pelo Governo de Sergipe, por meio da Secretaria de Estado do Trabalho, Emprego e Empreendedorismo (Seteem). Entre as iniciativas est\u00e3o a amplia\u00e7\u00e3o de cursos de qualifica\u00e7\u00e3o profissional para jovens e adultos, como o Programa Primeiro Emprego (PPE) e o Qualifica Sergipe; a oferta de vagas por meio da plataforma GO Sergipe e a realiza\u00e7\u00e3o de feir\u00f5es de aprendizagem profissional.<\/p>\n\n\n\n<figure class=\"wp-block-image size-large\"><img loading=\"lazy\" decoding=\"async\" width=\"1024\" height=\"684\" src=\"https:\/\/nordesteimprensa.com.br\/wp-content\/uploads\/2025\/12\/45473209-aa16-4ee1-959f-3f601f99477c-1024x684.jpeg\" alt=\"\" class=\"wp-image-8583\" srcset=\"https:\/\/nordesteimprensa.com.br\/wp-content\/uploads\/2025\/12\/45473209-aa16-4ee1-959f-3f601f99477c-1024x684.jpeg 1024w, https:\/\/nordesteimprensa.com.br\/wp-content\/uploads\/2025\/12\/45473209-aa16-4ee1-959f-3f601f99477c-300x200.jpeg 300w, https:\/\/nordesteimprensa.com.br\/wp-content\/uploads\/2025\/12\/45473209-aa16-4ee1-959f-3f601f99477c-768x513.jpeg 768w, https:\/\/nordesteimprensa.com.br\/wp-content\/uploads\/2025\/12\/45473209-aa16-4ee1-959f-3f601f99477c-1536x1025.jpeg 1536w, https:\/\/nordesteimprensa.com.br\/wp-content\/uploads\/2025\/12\/45473209-aa16-4ee1-959f-3f601f99477c-360x240.jpeg 360w, https:\/\/nordesteimprensa.com.br\/wp-content\/uploads\/2025\/12\/45473209-aa16-4ee1-959f-3f601f99477c-600x400.jpeg 600w, https:\/\/nordesteimprensa.com.br\/wp-content\/uploads\/2025\/12\/45473209-aa16-4ee1-959f-3f601f99477c.jpeg 1600w\" sizes=\"auto, (max-width: 1024px) 100vw, 1024px\" \/><\/figure>\n\n\n\n<p><\/p>\n\n\n\n<p><\/p>\n","protected":false},"excerpt":{"rendered":"<p>Resultado positivo \u00e9 reflexo das pol\u00edticas p\u00fablicas de gera\u00e7\u00e3o de emprego e renda adotadas pelo Governo do Estado Sergipe atingiu a menor taxa de desemprego desde 2012. \u00c9 o que apontam os dados da Pesquisa Nacional por Amostra de Domic\u00edlios Cont\u00ednua (Pnad Cont\u00ednua), divulgados pelo Instituto Brasileiro de Geografia e Estat\u00edstica (IBGE). De acordo com [&hellip;]<\/p>\n","protected":false},"author":6,"featured_media":8582,"comment_status":"open","ping_status":"open","sticky":false,"template":"","format":"standard","meta":{"footnotes":""},"categories":[10],"tags":[],"class_list":{"0":"post-8581","1":"post","2":"type-post","3":"status-publish","4":"format-standard","5":"has-post-thumbnail","7":"category-theme-features"},"_links":{"self":[{"href":"https:\/\/nordesteimprensa.com.br\/index.php\/wp-json\/wp\/v2\/posts\/8581","targetHints":{"allow":["GET"]}}],"collection":[{"href":"https:\/\/nordesteimprensa.com.br\/index.php\/wp-json\/wp\/v2\/posts"}],"about":[{"href":"https:\/\/nordesteimprensa.com.br\/index.php\/wp-json\/wp\/v2\/types\/post"}],"author":[{"embeddable":true,"href":"https:\/\/nordesteimprensa.com.br\/index.php\/wp-json\/wp\/v2\/users\/6"}],"replies":[{"embeddable":true,"href":"https:\/\/nordesteimprensa.com.br\/index.php\/wp-json\/wp\/v2\/comments?post=8581"}],"version-history":[{"count":1,"href":"https:\/\/nordesteimprensa.com.br\/index.php\/wp-json\/wp\/v2\/posts\/8581\/revisions"}],"predecessor-version":[{"id":8584,"href":"https:\/\/nordesteimprensa.com.br\/index.php\/wp-json\/wp\/v2\/posts\/8581\/revisions\/8584"}],"wp:featuredmedia":[{"embeddable":true,"href":"https:\/\/nordesteimprensa.com.br\/index.php\/wp-json\/wp\/v2\/media\/8582"}],"wp:attachment":[{"href":"https:\/\/nordesteimprensa.com.br\/index.php\/wp-json\/wp\/v2\/media?parent=8581"}],"wp:term":[{"taxonomy":"category","embeddable":true,"href":"https:\/\/nordesteimprensa.com.br\/index.php\/wp-json\/wp\/v2\/categories?post=8581"},{"taxonomy":"post_tag","embeddable":true,"href":"https:\/\/nordesteimprensa.com.br\/index.php\/wp-json\/wp\/v2\/tags?post=8581"}],"curies":[{"name":"wp","href":"https:\/\/api.w.org\/{rel}","templated":true}]}}