{"id":8591,"date":"2025-11-15T15:07:00","date_gmt":"2025-11-15T18:07:00","guid":{"rendered":"https:\/\/nordesteimprensa.com.br\/?p=8591"},"modified":"2025-12-15T15:15:53","modified_gmt":"2025-12-15T18:15:53","slug":"suspeitos-de-envolvimento-na-morte-de-motorista-de-aplicativo-em-nossa-senhora-do-socorro-sao-presos","status":"publish","type":"post","link":"https:\/\/nordesteimprensa.com.br\/index.php\/2025\/11\/15\/suspeitos-de-envolvimento-na-morte-de-motorista-de-aplicativo-em-nossa-senhora-do-socorro-sao-presos\/","title":{"rendered":"Suspeitos de envolvimento na morte de motorista de aplicativo em Nossa Senhora do Socorro s\u00e3o presos"},"content":{"rendered":"\n<p>Um homem foi preso e um menor foi apreendido por envolvimento na morte do motorista de aplicativo, Jonas Gabriel Guimar\u00e3es Silva, de 29 anos.&nbsp;<a class=\"\" href=\"https:\/\/g1.globo.com\/se\/sergipe\/noticia\/2025\/08\/13\/motorista-de-aplicativo-morre-apos-ser-baleado-perder-o-controle-do-veiculo-e-bater-em-poste-na-br-101-em-se.ghtml\">Ele morreu ap\u00f3s ser baleado e bater contra um poste<\/a>&nbsp;na BR-101 em&nbsp;<a class=\"\" href=\"https:\/\/g1.globo.com\/se\/sergipe\/cidade\/nossa-senhora-do-socorro\/\">Nossa Senhora do Socorro<\/a>. A informa\u00e7\u00e3o da pris\u00e3o foi divulgada, nesta sexta-feira (14).&nbsp;<\/p>\n\n\n\n<p>Segundo a delegada Thereza Simony, respons\u00e1vel pela investiga\u00e7\u00e3o, a v\u00edtima foi atra\u00edda pelos investigados e um outro adolescente para uma corrida at\u00e9 um munic\u00edpio do interior do estado.&nbsp;<\/p>\n\n\n\n<p><\/p>\n\n\n\n<blockquote class=\"wp-block-quote is-layout-flow wp-block-quote-is-layout-flow\">\n<p>\u201cAo buscar os supostos passageiros, a v\u00edtima perguntou sobre o pagamento, tendo o adolescente dito que faria o pagamento no destino. A v\u00edtima disse que n\u00e3o tinha como fazer a corrida, pois precisava abastecer o ve\u00edculo\u201d, disse.<\/p>\n<\/blockquote>\n\n\n\n<p>Ainda segundo ela, o adolescente solicitou ao motorista que retornasse ao ponto de partida a fim de pegar o dinheiro para o pagamento da corrida. \u201cA v\u00edtima fez o retorno na Rodovia Manoel do Prado Franco, instante em que o adolescente disparou dois tiros que atingiram fatalmente a v\u00edtima na cabe\u00e7a e o ve\u00edculo bateu num poste\u201d.<\/p>\n\n\n\n<p><\/p>\n\n\n\n<p><\/p>\n\n\n\n<p><\/p>\n","protected":false},"excerpt":{"rendered":"<p>Um homem foi preso e um menor foi apreendido por envolvimento na morte do motorista de aplicativo, Jonas Gabriel Guimar\u00e3es Silva, de 29 anos.&nbsp;Ele morreu ap\u00f3s ser baleado e bater contra um poste&nbsp;na BR-101 em&nbsp;Nossa Senhora do Socorro. A informa\u00e7\u00e3o da pris\u00e3o foi divulgada, nesta sexta-feira (14).&nbsp; Segundo a delegada Thereza Simony, respons\u00e1vel pela investiga\u00e7\u00e3o, [&hellip;]<\/p>\n","protected":false},"author":6,"featured_media":8592,"comment_status":"open","ping_status":"open","sticky":false,"template":"","format":"standard","meta":{"footnotes":""},"categories":[10],"tags":[],"class_list":{"0":"post-8591","1":"post","2":"type-post","3":"status-publish","4":"format-standard","5":"has-post-thumbnail","7":"category-theme-features"},"_links":{"self":[{"href":"https:\/\/nordesteimprensa.com.br\/index.php\/wp-json\/wp\/v2\/posts\/8591","targetHints":{"allow":["GET"]}}],"collection":[{"href":"https:\/\/nordesteimprensa.com.br\/index.php\/wp-json\/wp\/v2\/posts"}],"about":[{"href":"https:\/\/nordesteimprensa.com.br\/index.php\/wp-json\/wp\/v2\/types\/post"}],"author":[{"embeddable":true,"href":"https:\/\/nordesteimprensa.com.br\/index.php\/wp-json\/wp\/v2\/users\/6"}],"replies":[{"embeddable":true,"href":"https:\/\/nordesteimprensa.com.br\/index.php\/wp-json\/wp\/v2\/comments?post=8591"}],"version-history":[{"count":1,"href":"https:\/\/nordesteimprensa.com.br\/index.php\/wp-json\/wp\/v2\/posts\/8591\/revisions"}],"predecessor-version":[{"id":8593,"href":"https:\/\/nordesteimprensa.com.br\/index.php\/wp-json\/wp\/v2\/posts\/8591\/revisions\/8593"}],"wp:featuredmedia":[{"embeddable":true,"href":"https:\/\/nordesteimprensa.com.br\/index.php\/wp-json\/wp\/v2\/media\/8592"}],"wp:attachment":[{"href":"https:\/\/nordesteimprensa.com.br\/index.php\/wp-json\/wp\/v2\/media?parent=8591"}],"wp:term":[{"taxonomy":"category","embeddable":true,"href":"https:\/\/nordesteimprensa.com.br\/index.php\/wp-json\/wp\/v2\/categories?post=8591"},{"taxonomy":"post_tag","embeddable":true,"href":"https:\/\/nordesteimprensa.com.br\/index.php\/wp-json\/wp\/v2\/tags?post=8591"}],"curies":[{"name":"wp","href":"https:\/\/api.w.org\/{rel}","templated":true}]}}