{"id":8594,"date":"2025-11-15T15:15:00","date_gmt":"2025-11-15T18:15:00","guid":{"rendered":"https:\/\/nordesteimprensa.com.br\/?p=8594"},"modified":"2025-12-15T15:19:19","modified_gmt":"2025-12-15T18:19:19","slug":"pre-caju-2025-alteracoes-no-transito-rotas-alternativas-e-itinerario-dos-onibus","status":"publish","type":"post","link":"https:\/\/nordesteimprensa.com.br\/index.php\/2025\/11\/15\/pre-caju-2025-alteracoes-no-transito-rotas-alternativas-e-itinerario-dos-onibus\/","title":{"rendered":"Pr\u00e9-Caju 2025: altera\u00e7\u00f5es no tr\u00e2nsito, rotas alternativas e itiner\u00e1rio dos \u00f4nibus"},"content":{"rendered":"\n<p>O tr\u00e2nsito est\u00e1 com altera\u00e7\u00f5es tempor\u00e1rias no tr\u00e1fego em Aracaju neste final de semana, em raz\u00e3o do Pr\u00e9-Caju 2025. A informa\u00e7\u00e3o foi divulgada pela Superintend\u00eancia Municipal de Transportes e Tr\u00e2nsito (SMTT).&nbsp;<\/p>\n\n\n\n<p>Segundo a SMTT, os agentes est\u00e3o em sete postos fixos: Av. Rotary (Terminal da Atalaia), Av. Rotary com a Rua Jornalista Paulo Costa, Av. Rotary com a Rua Niceu Dantas, Av. Cl\u00f3vis Rollemberg com Rua Niceu Dantas, retorno da Cl\u00f3vis Rollemberg, Rua Urbano Neto com Av. Delmiro Gouveia e Rua Urbano Neto com a Av. M\u00e1rio Jorge.&nbsp;<\/p>\n\n\n\n<p><\/p>\n\n\n\n<p>Na manh\u00e3 deste s\u00e1bado (15), teve in\u00edcio a instala\u00e7\u00e3o dos bloqueios na Avenida Santos Dumont (sentido centro), com reabertura prevista para \u00e0s 5h da pr\u00f3xima segunda-feira (17), quando o tr\u00e1fego voltar\u00e1 \u00e0 normalidade.&nbsp;<\/p>\n\n\n\n<p>A&nbsp;<strong>orienta\u00e7\u00e3o \u00e9 que os condutores priorizem rotas alternativas<\/strong>, como as avenidas Mel\u00edcio Machado, Jos\u00e9 Carlos Silva e Governador Paulo Barreto de Menezes. O tr\u00e1fego proveniente das praias em dire\u00e7\u00e3o ao Centro ser\u00e1 desviado para a Rua Deputado Cl\u00f3vis Rollemberg.&nbsp;<\/p>\n\n\n\n<p>Durante o fim de semana,&nbsp;<strong>est\u00e1 proibido estacionar ao longo da Orla de Atalaia<\/strong>, no trecho entre a rotat\u00f3ria da Cinel\u00e2ndia e o retorno do Farol. A medida \u00e9 necess\u00e1ria para garantir a passagem segura dos trios el\u00e9tricos durante o evento. A SMTT informa que os ve\u00edculos estacionados de forma irregular nesse trecho ser\u00e3o removidos.<\/p>\n\n\n\n<p><\/p>\n\n\n\n<p><\/p>\n\n\n\n<p><\/p>\n\n\n\n<p><\/p>\n","protected":false},"excerpt":{"rendered":"<p>O tr\u00e2nsito est\u00e1 com altera\u00e7\u00f5es tempor\u00e1rias no tr\u00e1fego em Aracaju neste final de semana, em raz\u00e3o do Pr\u00e9-Caju 2025. A informa\u00e7\u00e3o foi divulgada pela Superintend\u00eancia Municipal de Transportes e Tr\u00e2nsito (SMTT).&nbsp; Segundo a SMTT, os agentes est\u00e3o em sete postos fixos: Av. Rotary (Terminal da Atalaia), Av. Rotary com a Rua Jornalista Paulo Costa, Av. [&hellip;]<\/p>\n","protected":false},"author":6,"featured_media":8595,"comment_status":"open","ping_status":"open","sticky":false,"template":"","format":"standard","meta":{"footnotes":""},"categories":[10],"tags":[],"class_list":{"0":"post-8594","1":"post","2":"type-post","3":"status-publish","4":"format-standard","5":"has-post-thumbnail","7":"category-theme-features"},"_links":{"self":[{"href":"https:\/\/nordesteimprensa.com.br\/index.php\/wp-json\/wp\/v2\/posts\/8594","targetHints":{"allow":["GET"]}}],"collection":[{"href":"https:\/\/nordesteimprensa.com.br\/index.php\/wp-json\/wp\/v2\/posts"}],"about":[{"href":"https:\/\/nordesteimprensa.com.br\/index.php\/wp-json\/wp\/v2\/types\/post"}],"author":[{"embeddable":true,"href":"https:\/\/nordesteimprensa.com.br\/index.php\/wp-json\/wp\/v2\/users\/6"}],"replies":[{"embeddable":true,"href":"https:\/\/nordesteimprensa.com.br\/index.php\/wp-json\/wp\/v2\/comments?post=8594"}],"version-history":[{"count":1,"href":"https:\/\/nordesteimprensa.com.br\/index.php\/wp-json\/wp\/v2\/posts\/8594\/revisions"}],"predecessor-version":[{"id":8596,"href":"https:\/\/nordesteimprensa.com.br\/index.php\/wp-json\/wp\/v2\/posts\/8594\/revisions\/8596"}],"wp:featuredmedia":[{"embeddable":true,"href":"https:\/\/nordesteimprensa.com.br\/index.php\/wp-json\/wp\/v2\/media\/8595"}],"wp:attachment":[{"href":"https:\/\/nordesteimprensa.com.br\/index.php\/wp-json\/wp\/v2\/media?parent=8594"}],"wp:term":[{"taxonomy":"category","embeddable":true,"href":"https:\/\/nordesteimprensa.com.br\/index.php\/wp-json\/wp\/v2\/categories?post=8594"},{"taxonomy":"post_tag","embeddable":true,"href":"https:\/\/nordesteimprensa.com.br\/index.php\/wp-json\/wp\/v2\/tags?post=8594"}],"curies":[{"name":"wp","href":"https:\/\/api.w.org\/{rel}","templated":true}]}}