{"id":8601,"date":"2025-11-21T15:41:44","date_gmt":"2025-11-21T18:41:44","guid":{"rendered":"https:\/\/nordesteimprensa.com.br\/?p=8601"},"modified":"2025-12-15T15:44:30","modified_gmt":"2025-12-15T18:44:30","slug":"adolescente-de-17-anos-morre-apos-ser-baleado-em-sao-cristovao","status":"publish","type":"post","link":"https:\/\/nordesteimprensa.com.br\/index.php\/2025\/11\/21\/adolescente-de-17-anos-morre-apos-ser-baleado-em-sao-cristovao\/","title":{"rendered":"Adolescente de 17 anos morre ap\u00f3s ser baleado em S\u00e3o Crist\u00f3v\u00e3o"},"content":{"rendered":"\n<p>Um adolescente de 17 anos morreu ap\u00f3s ser baleado no Bairro Baixa Divin\u00e9ia, em S\u00e3o Crist\u00f3v\u00e3o, no in\u00edcio da manh\u00e3 desta sexta-feira (21). A informa\u00e7\u00e3o foi confirmada pela Pol\u00edcia Militar.&nbsp;<\/p>\n\n\n\n<p>De acordo com a PM, uma mulher acionou a pol\u00edcia ap\u00f3s ter ouvido pelo menos cinco disparos de arma de fogo. O suspeito fugiu do local em uma motocicleta.&nbsp;<\/p>\n\n\n\n<p><\/p>\n\n\n\n<p>O Servi\u00e7o de Atendimento M\u00f3vel (Samu) atendeu a ocorr\u00eancia e atestou o \u00f3bito no local. O Instituto M\u00e9dico Legal (IML) foi acionado para recolher o corpo.&nbsp;<\/p>\n\n\n\n<p>Quem tiver informa\u00e7\u00f5es que possam contribuir com a investiga\u00e7\u00e3o do crime deve ligar para o Disque-Den\u00fancia pelo n\u00famero 181. A identidade do denunciante ser\u00e1 mantida em sigilo.<\/p>\n\n\n\n<p><\/p>\n\n\n\n<p><\/p>\n\n\n\n<p><\/p>\n\n\n\n<p><\/p>\n","protected":false},"excerpt":{"rendered":"<p>Um adolescente de 17 anos morreu ap\u00f3s ser baleado no Bairro Baixa Divin\u00e9ia, em S\u00e3o Crist\u00f3v\u00e3o, no in\u00edcio da manh\u00e3 desta sexta-feira (21). A informa\u00e7\u00e3o foi confirmada pela Pol\u00edcia Militar.&nbsp; De acordo com a PM, uma mulher acionou a pol\u00edcia ap\u00f3s ter ouvido pelo menos cinco disparos de arma de fogo. O suspeito fugiu do [&hellip;]<\/p>\n","protected":false},"author":6,"featured_media":8602,"comment_status":"open","ping_status":"open","sticky":false,"template":"","format":"standard","meta":{"footnotes":""},"categories":[10],"tags":[],"class_list":{"0":"post-8601","1":"post","2":"type-post","3":"status-publish","4":"format-standard","5":"has-post-thumbnail","7":"category-theme-features"},"_links":{"self":[{"href":"https:\/\/nordesteimprensa.com.br\/index.php\/wp-json\/wp\/v2\/posts\/8601","targetHints":{"allow":["GET"]}}],"collection":[{"href":"https:\/\/nordesteimprensa.com.br\/index.php\/wp-json\/wp\/v2\/posts"}],"about":[{"href":"https:\/\/nordesteimprensa.com.br\/index.php\/wp-json\/wp\/v2\/types\/post"}],"author":[{"embeddable":true,"href":"https:\/\/nordesteimprensa.com.br\/index.php\/wp-json\/wp\/v2\/users\/6"}],"replies":[{"embeddable":true,"href":"https:\/\/nordesteimprensa.com.br\/index.php\/wp-json\/wp\/v2\/comments?post=8601"}],"version-history":[{"count":1,"href":"https:\/\/nordesteimprensa.com.br\/index.php\/wp-json\/wp\/v2\/posts\/8601\/revisions"}],"predecessor-version":[{"id":8603,"href":"https:\/\/nordesteimprensa.com.br\/index.php\/wp-json\/wp\/v2\/posts\/8601\/revisions\/8603"}],"wp:featuredmedia":[{"embeddable":true,"href":"https:\/\/nordesteimprensa.com.br\/index.php\/wp-json\/wp\/v2\/media\/8602"}],"wp:attachment":[{"href":"https:\/\/nordesteimprensa.com.br\/index.php\/wp-json\/wp\/v2\/media?parent=8601"}],"wp:term":[{"taxonomy":"category","embeddable":true,"href":"https:\/\/nordesteimprensa.com.br\/index.php\/wp-json\/wp\/v2\/categories?post=8601"},{"taxonomy":"post_tag","embeddable":true,"href":"https:\/\/nordesteimprensa.com.br\/index.php\/wp-json\/wp\/v2\/tags?post=8601"}],"curies":[{"name":"wp","href":"https:\/\/api.w.org\/{rel}","templated":true}]}}