{"id":867,"date":"2020-08-20T10:51:14","date_gmt":"2020-08-20T13:51:14","guid":{"rendered":"http:\/\/nordesteimprensa.com.br\/?p=867"},"modified":"2020-08-20T10:51:16","modified_gmt":"2020-08-20T13:51:16","slug":"foragido-da-justica-e-preso-em-maceio-por-estupro-de-vulneravel","status":"publish","type":"post","link":"https:\/\/nordesteimprensa.com.br\/index.php\/2020\/08\/20\/foragido-da-justica-e-preso-em-maceio-por-estupro-de-vulneravel\/","title":{"rendered":"Foragido da Justi\u00e7a \u00e9 preso em Macei\u00f3 por estupro de vulner\u00e1vel"},"content":{"rendered":"\n<p>Um homem foi preso em Macei\u00f3 por estupro de vulner\u00e1vel. A informa\u00e7\u00e3o foi divulgada pela Pol\u00edcia Civil nesta quinta feira (13). O suspeito estava foragido desde junho do ano passado.<\/p>\n\n\n\n<p>A pris\u00e3o foi realizada na quarta-feira (12), no bairro da Santa Am\u00e9lia. O homem, de 48 anos, tinha mandado de pris\u00e3o preventiva em aberto expedido pela 14\u00aa Vara Criminal da Capital. Segundo a Pol\u00edcia Civil, a v\u00edtima tinha 9 anos.<\/p>\n\n\n\n<p>\u201cO autor se aproveitava das ocasi\u00f5es em que a crian\u00e7a ia at\u00e9 sua casa para brincar com a filha dele, e quando ficava a s\u00f3s com a v\u00edtima praticava com ela diversos atos libidinosos, destacando-se, inclusive, que o exame pericial demonstrou a exist\u00eancia de &#8216;ruptura himenal&#8217; na v\u00edtima\u201d, disse o delegado respons\u00e1vel pelas investiga\u00e7\u00f5es, Gustavo Henrique.<\/p>\n\n\n\n<p>O preso j\u00e1 foi encaminhado ao sistema prisional, onde permanece \u00e0 disposi\u00e7\u00e3o da Justi\u00e7a.<\/p>\n","protected":false},"excerpt":{"rendered":"<p>Um homem foi preso em Macei\u00f3 por estupro de vulner\u00e1vel. A informa\u00e7\u00e3o foi divulgada pela Pol\u00edcia Civil nesta quinta feira (13). O suspeito estava foragido desde junho do ano passado. A pris\u00e3o foi realizada na quarta-feira (12), no bairro da Santa Am\u00e9lia. O homem, de 48 anos, tinha mandado de pris\u00e3o preventiva em aberto expedido [&hellip;]<\/p>\n","protected":false},"author":1,"featured_media":868,"comment_status":"open","ping_status":"open","sticky":false,"template":"","format":"standard","meta":{"footnotes":""},"categories":[38],"tags":[],"class_list":{"0":"post-867","1":"post","2":"type-post","3":"status-publish","4":"format-standard","5":"has-post-thumbnail","7":"category-policial"},"_links":{"self":[{"href":"https:\/\/nordesteimprensa.com.br\/index.php\/wp-json\/wp\/v2\/posts\/867","targetHints":{"allow":["GET"]}}],"collection":[{"href":"https:\/\/nordesteimprensa.com.br\/index.php\/wp-json\/wp\/v2\/posts"}],"about":[{"href":"https:\/\/nordesteimprensa.com.br\/index.php\/wp-json\/wp\/v2\/types\/post"}],"author":[{"embeddable":true,"href":"https:\/\/nordesteimprensa.com.br\/index.php\/wp-json\/wp\/v2\/users\/1"}],"replies":[{"embeddable":true,"href":"https:\/\/nordesteimprensa.com.br\/index.php\/wp-json\/wp\/v2\/comments?post=867"}],"version-history":[{"count":1,"href":"https:\/\/nordesteimprensa.com.br\/index.php\/wp-json\/wp\/v2\/posts\/867\/revisions"}],"predecessor-version":[{"id":869,"href":"https:\/\/nordesteimprensa.com.br\/index.php\/wp-json\/wp\/v2\/posts\/867\/revisions\/869"}],"wp:featuredmedia":[{"embeddable":true,"href":"https:\/\/nordesteimprensa.com.br\/index.php\/wp-json\/wp\/v2\/media\/868"}],"wp:attachment":[{"href":"https:\/\/nordesteimprensa.com.br\/index.php\/wp-json\/wp\/v2\/media?parent=867"}],"wp:term":[{"taxonomy":"category","embeddable":true,"href":"https:\/\/nordesteimprensa.com.br\/index.php\/wp-json\/wp\/v2\/categories?post=867"},{"taxonomy":"post_tag","embeddable":true,"href":"https:\/\/nordesteimprensa.com.br\/index.php\/wp-json\/wp\/v2\/tags?post=867"}],"curies":[{"name":"wp","href":"https:\/\/api.w.org\/{rel}","templated":true}]}}