{"id":8685,"date":"2025-12-10T21:48:00","date_gmt":"2025-12-11T00:48:00","guid":{"rendered":"https:\/\/nordesteimprensa.com.br\/?p=8685"},"modified":"2025-12-31T00:02:57","modified_gmt":"2025-12-31T03:02:57","slug":"governo-de-sergipe-entrega-novas-areas-de-lazer-e-mobilidade-em-cumbe-e-nossa-senhora-das-dores","status":"publish","type":"post","link":"https:\/\/nordesteimprensa.com.br\/index.php\/2025\/12\/10\/governo-de-sergipe-entrega-novas-areas-de-lazer-e-mobilidade-em-cumbe-e-nossa-senhora-das-dores\/","title":{"rendered":"Governo de Sergipe entrega novas \u00e1reas de lazer e mobilidade em Cumbe e Nossa Senhora das Dores"},"content":{"rendered":"\n<p><em>Interven\u00e7\u00f5es do programa Acelera Sergipe transformam espa\u00e7os p\u00fablicos, ampliam o lazer e melhoram a qualidade de vida no M\u00e9dio Sert\u00e3o<\/em><\/p>\n\n\n\n<p>Moradores de Cumbe e Nossa Senhora das Dores celebram a entrega de novos espa\u00e7os de conviv\u00eancia, lazer e pr\u00e1tica esportiva entregues pelo Governo de Sergipe. As obras, realizadas por meio do programa Acelera Sergipe, somam cerca de R$ 2,8 milh\u00f5es em investimentos e j\u00e1 come\u00e7am a transformar a rotina das comunidades do M\u00e9dio Sert\u00e3o, fortalecendo v\u00ednculos e garantindo mais qualidade de vida para crian\u00e7as, jovens, adultos e idosos.<\/p>\n\n\n\n<p>Em Nossa Senhora das Dores, o povoado Cajueiro ganhou uma pra\u00e7a constru\u00edda do zero, com quadra esportiva, parque infantil, parede interativa, deck de concreto, paisagismo e ilumina\u00e7\u00e3o em LED. O espa\u00e7o, que recebeu aproximadamente R$ 590 mil em investimentos, agora \u00e9 ponto de encontro di\u00e1rio das fam\u00edlias.<\/p>\n\n\n\n<p>Morador da comunidade, o aut\u00f4nomo Emerson Santos conta que o impacto foi imediato. \u201cAntes, isso aqui era um descampado com apenas um quiosque. Agora tem quadra, mesas de jogos e parque infantil. O lugar \u00e9 outro, est\u00e1 enchendo de orgulho todos os moradores daqui\u201d, relata. Al\u00e9m da pra\u00e7a, o povoado tamb\u00e9m foi beneficiado com 5 mil m\u00b2 de pavimenta\u00e7\u00e3o, garantindo o fim da poeira e da lama que dificultavam o dia a dia das fam\u00edlias.<\/p>\n\n\n\n<p>Mais obras<\/p>\n\n\n\n<p>Em Cumbe, a sede recebeu a reforma e moderniza\u00e7\u00e3o da Quadra Poliesportiva Manoel \u00c1vila de Menezes, que ganhou nova estrutura met\u00e1lica, melhorias nos banheiros e vesti\u00e1rios, passeio em concreto, instala\u00e7\u00f5es el\u00e9tricas renovadas e alambrado com tela galvanizada. O investimento de cerca de R$ 618 mil devolveu \u00e0 popula\u00e7\u00e3o um espa\u00e7o seguro e adequado para a pr\u00e1tica esportiva e para atividades comunit\u00e1rias.<\/p>\n\n\n\n<p>Para o aposentado Daniel dos Santos, a interven\u00e7\u00e3o era muito esperada. \u201cAqui \u00e9 um espa\u00e7o onde os jovens e os adultos se divertem, mas estava danificado. Essa reforma veio na hora certa e vai servir para outros eventos da cidade\u201d, afirma.<\/p>\n\n\n\n<p>No povoado Saco Grande, tamb\u00e9m em Cumbe, foi entregue a reforma completa da Quadra Poliesportiva K\u00e1tia M\u00f4nica Rocha Nascimento, que recebeu melhorias no piso, nas arquibancadas, novas rampas de acessibilidade, cobertura em telhado de a\u00e7o, instala\u00e7\u00f5es el\u00e9tricas modernas e pintura geral. Foram investidos cerca de R$ 750 mil na revitaliza\u00e7\u00e3o. Morador do povoado, o aposentado Gilson Pereira Dantas comemora o novo espa\u00e7o. \u201cFicou bom demais. Minhas netas est\u00e3o felizes porque agora t\u00eam um lugar coberto para brincar. Um espa\u00e7o desse ocupa a mente e o tempo dos jovens. \u00c9 uma b\u00ean\u00e7\u00e3o\u201d, diz.<\/p>\n\n\n\n<p>Para ampliar a mobilidade e facilitar o acesso \u00e0s quadras e aos espa\u00e7os de conviv\u00eancia, o Governo de Sergipe tamb\u00e9m executou obras de pavimenta\u00e7\u00e3o gran\u00edtica nos dois munic\u00edpios. Somente no Saco Grande, foram 1,3 mil m\u00b2 de cal\u00e7amento, enquanto no Cajueiro outros 5 mil m\u00b2 foram entregues. As melhorias garantem maior seguran\u00e7a, conforto e um ambiente mais organizado para moradores e visitantes.<\/p>\n","protected":false},"excerpt":{"rendered":"<p>Interven\u00e7\u00f5es do programa Acelera Sergipe transformam espa\u00e7os p\u00fablicos, ampliam o lazer e melhoram a qualidade de vida no M\u00e9dio Sert\u00e3o Moradores de Cumbe e Nossa Senhora das Dores celebram a entrega de novos espa\u00e7os de conviv\u00eancia, lazer e pr\u00e1tica esportiva entregues pelo Governo de Sergipe. As obras, realizadas por meio do programa Acelera Sergipe, somam [&hellip;]<\/p>\n","protected":false},"author":6,"featured_media":8686,"comment_status":"open","ping_status":"open","sticky":false,"template":"","format":"standard","meta":{"footnotes":""},"categories":[10],"tags":[],"class_list":{"0":"post-8685","1":"post","2":"type-post","3":"status-publish","4":"format-standard","5":"has-post-thumbnail","7":"category-theme-features"},"_links":{"self":[{"href":"https:\/\/nordesteimprensa.com.br\/index.php\/wp-json\/wp\/v2\/posts\/8685","targetHints":{"allow":["GET"]}}],"collection":[{"href":"https:\/\/nordesteimprensa.com.br\/index.php\/wp-json\/wp\/v2\/posts"}],"about":[{"href":"https:\/\/nordesteimprensa.com.br\/index.php\/wp-json\/wp\/v2\/types\/post"}],"author":[{"embeddable":true,"href":"https:\/\/nordesteimprensa.com.br\/index.php\/wp-json\/wp\/v2\/users\/6"}],"replies":[{"embeddable":true,"href":"https:\/\/nordesteimprensa.com.br\/index.php\/wp-json\/wp\/v2\/comments?post=8685"}],"version-history":[{"count":1,"href":"https:\/\/nordesteimprensa.com.br\/index.php\/wp-json\/wp\/v2\/posts\/8685\/revisions"}],"predecessor-version":[{"id":8687,"href":"https:\/\/nordesteimprensa.com.br\/index.php\/wp-json\/wp\/v2\/posts\/8685\/revisions\/8687"}],"wp:featuredmedia":[{"embeddable":true,"href":"https:\/\/nordesteimprensa.com.br\/index.php\/wp-json\/wp\/v2\/media\/8686"}],"wp:attachment":[{"href":"https:\/\/nordesteimprensa.com.br\/index.php\/wp-json\/wp\/v2\/media?parent=8685"}],"wp:term":[{"taxonomy":"category","embeddable":true,"href":"https:\/\/nordesteimprensa.com.br\/index.php\/wp-json\/wp\/v2\/categories?post=8685"},{"taxonomy":"post_tag","embeddable":true,"href":"https:\/\/nordesteimprensa.com.br\/index.php\/wp-json\/wp\/v2\/tags?post=8685"}],"curies":[{"name":"wp","href":"https:\/\/api.w.org\/{rel}","templated":true}]}}