{"id":870,"date":"2020-08-20T10:52:20","date_gmt":"2020-08-20T13:52:20","guid":{"rendered":"http:\/\/nordesteimprensa.com.br\/?p=870"},"modified":"2020-08-20T10:52:22","modified_gmt":"2020-08-20T13:52:22","slug":"mulher-fica-ferida-apos-casa-pegar-fogo-na-cha-da-jaqueira-maceio","status":"publish","type":"post","link":"https:\/\/nordesteimprensa.com.br\/index.php\/2020\/08\/20\/mulher-fica-ferida-apos-casa-pegar-fogo-na-cha-da-jaqueira-maceio\/","title":{"rendered":"Mulher fica ferida ap\u00f3s casa pegar fogo na Ch\u00e3 da Jaqueira, Macei\u00f3"},"content":{"rendered":"\n<p>Uma mulher de 57 anos ficou ferida ap\u00f3s a casa dela pegar fogo no conjunto Jo\u00e3o Pereira, no bairro Ch\u00e3 da Jaqueira, em Macei\u00f3, na madrugada desta quarta-feira (19). O Corpo de Bombeiros foi acionado para apagar o inc\u00eandio.<\/p>\n\n\n\n<p>Segundo os bombeiros, a mulher inalou bastante fuma\u00e7a e apresentava queimaduras no bra\u00e7o. Ela foi encaminhada para um posto de sa\u00fade do bairro. N\u00e3o h\u00e1 informa\u00e7\u00f5es sobre o seu estado de sa\u00fade atual.<\/p>\n\n\n\n<p>As chamas atingiram quase todos os c\u00f4modos da casa.<\/p>\n\n\n\n<p>Os bombeiros apagaram o fogo com ajuda dos moradores e realizaram o rescaldo no local.<\/p>\n\n\n\n<figure class=\"wp-block-image\"><img decoding=\"async\" src=\"https:\/\/s2.glbimg.com\/M7OY7LTNbmxXZUnjEkUY1-TIIQc=\/0x0:581x1032\/984x0\/smart\/filters:strip_icc()\/i.s3.glbimg.com\/v1\/AUTH_59edd422c0c84a879bd37670ae4f538a\/internal_photos\/bs\/2020\/u\/2\/hTqXigQrG8nZcVuD5Gjg\/cha-da-jaqueira.jpg\" alt=\"Chamas atingiram quase todos os c\u00f4modos da casa na Ch\u00e3 da Jaqueira \u2014 Foto: Ascom\/ Corpo de Bombeiros\"\/><\/figure>\n\n\n\n<p>Chamas atingiram quase todos os c\u00f4modos da casa na Ch\u00e3 da Jaqueira \u2014 Foto: Ascom\/ Corpo de Bombeiros<\/p>\n","protected":false},"excerpt":{"rendered":"<p>Uma mulher de 57 anos ficou ferida ap\u00f3s a casa dela pegar fogo no conjunto Jo\u00e3o Pereira, no bairro Ch\u00e3 da Jaqueira, em Macei\u00f3, na madrugada desta quarta-feira (19). O Corpo de Bombeiros foi acionado para apagar o inc\u00eandio. Segundo os bombeiros, a mulher inalou bastante fuma\u00e7a e apresentava queimaduras no bra\u00e7o. Ela foi encaminhada [&hellip;]<\/p>\n","protected":false},"author":1,"featured_media":871,"comment_status":"open","ping_status":"open","sticky":false,"template":"","format":"standard","meta":{"footnotes":""},"categories":[43],"tags":[],"class_list":{"0":"post-870","1":"post","2":"type-post","3":"status-publish","4":"format-standard","5":"has-post-thumbnail","7":"category-acidente"},"_links":{"self":[{"href":"https:\/\/nordesteimprensa.com.br\/index.php\/wp-json\/wp\/v2\/posts\/870","targetHints":{"allow":["GET"]}}],"collection":[{"href":"https:\/\/nordesteimprensa.com.br\/index.php\/wp-json\/wp\/v2\/posts"}],"about":[{"href":"https:\/\/nordesteimprensa.com.br\/index.php\/wp-json\/wp\/v2\/types\/post"}],"author":[{"embeddable":true,"href":"https:\/\/nordesteimprensa.com.br\/index.php\/wp-json\/wp\/v2\/users\/1"}],"replies":[{"embeddable":true,"href":"https:\/\/nordesteimprensa.com.br\/index.php\/wp-json\/wp\/v2\/comments?post=870"}],"version-history":[{"count":1,"href":"https:\/\/nordesteimprensa.com.br\/index.php\/wp-json\/wp\/v2\/posts\/870\/revisions"}],"predecessor-version":[{"id":872,"href":"https:\/\/nordesteimprensa.com.br\/index.php\/wp-json\/wp\/v2\/posts\/870\/revisions\/872"}],"wp:featuredmedia":[{"embeddable":true,"href":"https:\/\/nordesteimprensa.com.br\/index.php\/wp-json\/wp\/v2\/media\/871"}],"wp:attachment":[{"href":"https:\/\/nordesteimprensa.com.br\/index.php\/wp-json\/wp\/v2\/media?parent=870"}],"wp:term":[{"taxonomy":"category","embeddable":true,"href":"https:\/\/nordesteimprensa.com.br\/index.php\/wp-json\/wp\/v2\/categories?post=870"},{"taxonomy":"post_tag","embeddable":true,"href":"https:\/\/nordesteimprensa.com.br\/index.php\/wp-json\/wp\/v2\/tags?post=870"}],"curies":[{"name":"wp","href":"https:\/\/api.w.org\/{rel}","templated":true}]}}