{"id":874,"date":"2020-08-25T11:00:22","date_gmt":"2020-08-25T14:00:22","guid":{"rendered":"http:\/\/nordesteimprensa.com.br\/?p=874"},"modified":"2020-08-25T11:01:41","modified_gmt":"2020-08-25T14:01:41","slug":"bolsonaro-pede-valor-maior-do-renda-brasil-a-equipe-economica-e-gera-impasse","status":"publish","type":"post","link":"https:\/\/nordesteimprensa.com.br\/index.php\/2020\/08\/25\/bolsonaro-pede-valor-maior-do-renda-brasil-a-equipe-economica-e-gera-impasse\/","title":{"rendered":"Bolsonaro pede valor maior do Renda Brasil \u00e0 equipe econ\u00f4mica e gera impasse"},"content":{"rendered":"\n<p>O presidente Bolsonaro n\u00e3o aceitou o valor proposto pela equipe econ\u00f4mica, ontem, para o Renda Brasil- projeto que vai substituto o Bolsa Familia- pediu um valor maior ao benef\u00edcio.<\/p>\n\n\n\n<p>A informa\u00e7\u00e3o foi confirmada ao blog por tr\u00eas fontes do governo. Nesta segunda-feira (24), Bolsonaro foi apresentado ao projeto de Paulo Guedes para o benef\u00edcio que vai substituir o aux\u00edlio emergencial, hoje no valor de R$ 600. A ideia do ministro era pagar cerca de R$ 250. No entanto, o presidente quer um valor maior, o que gerou um impasse com a equipe econ\u00f4mica.<\/p>\n\n\n\n<p>Fontes ouvidas pelo blog afirmam que Guedes se precipitou ao anunciar o evento de hoje &#8211; que lan\u00e7aria um pacote econ\u00f4mico &#8211; sem fechar os dados com a Casa Civil.<\/p>\n\n\n\n<p>O aux\u00edlio e a transi\u00e7\u00e3o para o Renda Brasil \u00e9, hoje, a menina dos olhos do governo. Motivo: a popularidade do presidente cresceu no Nordeste com a concess\u00e3o do benef\u00edcio e Bolsonaro quer ampliar o apoio na regi\u00e3o tradicionalmente dominada pela oposi\u00e7\u00e3o, principalmente o PT.<\/p>\n\n\n\n<p>O problema, como alegam t\u00e9cnicos da equipe econ\u00f4mica, \u00e9 que a conta n\u00e3o fecha com o projeto de mais gastos do governo. Por isso, o pedido de Bolsonaro para aumentar o benef\u00edcio gera um impasse e e ainda n\u00e3o h\u00e1 decis\u00e3o sobre o valor.<\/p>\n","protected":false},"excerpt":{"rendered":"<p>O presidente Bolsonaro n\u00e3o aceitou o valor proposto pela equipe econ\u00f4mica, ontem, para o Renda Brasil- projeto que vai substituto o Bolsa Familia- pediu um valor maior ao benef\u00edcio. A informa\u00e7\u00e3o foi confirmada ao blog por tr\u00eas fontes do governo. Nesta segunda-feira (24), Bolsonaro foi apresentado ao projeto de Paulo Guedes para o benef\u00edcio que [&hellip;]<\/p>\n","protected":false},"author":1,"featured_media":875,"comment_status":"open","ping_status":"open","sticky":false,"template":"","format":"standard","meta":{"footnotes":""},"categories":[10,13],"tags":[],"class_list":{"0":"post-874","1":"post","2":"type-post","3":"status-publish","4":"format-standard","5":"has-post-thumbnail","7":"category-theme-features","8":"category-politica"},"_links":{"self":[{"href":"https:\/\/nordesteimprensa.com.br\/index.php\/wp-json\/wp\/v2\/posts\/874","targetHints":{"allow":["GET"]}}],"collection":[{"href":"https:\/\/nordesteimprensa.com.br\/index.php\/wp-json\/wp\/v2\/posts"}],"about":[{"href":"https:\/\/nordesteimprensa.com.br\/index.php\/wp-json\/wp\/v2\/types\/post"}],"author":[{"embeddable":true,"href":"https:\/\/nordesteimprensa.com.br\/index.php\/wp-json\/wp\/v2\/users\/1"}],"replies":[{"embeddable":true,"href":"https:\/\/nordesteimprensa.com.br\/index.php\/wp-json\/wp\/v2\/comments?post=874"}],"version-history":[{"count":1,"href":"https:\/\/nordesteimprensa.com.br\/index.php\/wp-json\/wp\/v2\/posts\/874\/revisions"}],"predecessor-version":[{"id":876,"href":"https:\/\/nordesteimprensa.com.br\/index.php\/wp-json\/wp\/v2\/posts\/874\/revisions\/876"}],"wp:featuredmedia":[{"embeddable":true,"href":"https:\/\/nordesteimprensa.com.br\/index.php\/wp-json\/wp\/v2\/media\/875"}],"wp:attachment":[{"href":"https:\/\/nordesteimprensa.com.br\/index.php\/wp-json\/wp\/v2\/media?parent=874"}],"wp:term":[{"taxonomy":"category","embeddable":true,"href":"https:\/\/nordesteimprensa.com.br\/index.php\/wp-json\/wp\/v2\/categories?post=874"},{"taxonomy":"post_tag","embeddable":true,"href":"https:\/\/nordesteimprensa.com.br\/index.php\/wp-json\/wp\/v2\/tags?post=874"}],"curies":[{"name":"wp","href":"https:\/\/api.w.org\/{rel}","templated":true}]}}