{"id":877,"date":"2020-08-25T12:05:25","date_gmt":"2020-08-25T15:05:25","guid":{"rendered":"http:\/\/nordesteimprensa.com.br\/?p=877"},"modified":"2020-08-25T12:05:27","modified_gmt":"2020-08-25T15:05:27","slug":"nesse-momento-a-covid-19-tem-desaceleracao-diz-secretario-de-saude-de-salvador-sobre-pandemia","status":"publish","type":"post","link":"https:\/\/nordesteimprensa.com.br\/index.php\/2020\/08\/25\/nesse-momento-a-covid-19-tem-desaceleracao-diz-secretario-de-saude-de-salvador-sobre-pandemia\/","title":{"rendered":"&#8216;Nesse momento a Covid-19 tem desacelera\u00e7\u00e3o&#8217;, diz secret\u00e1rio de Sa\u00fade de Salvador sobre pandemia"},"content":{"rendered":"\n<p>O secret\u00e1rio de Sa\u00fade de Salvador, L\u00e9o Prates, falou em entrevista ao Jornal da Manh\u00e3 desta ter\u00e7a-feira (25), sobre os atendimentos para pacientes da Covid-19 nas UPAs da capital, comentou dados da pandemia e afirmou que Salvador est\u00e1 com desacelera\u00e7\u00e3o no n\u00famero de casos da doen\u00e7a. <\/p>\n\n\n\n<p>&#8220;Voc\u00ea pode dizer que nesse momento a Covid-19 tem uma desacelera\u00e7\u00e3o. Por que eu uso &#8216;nesse momento&#8217;? Em outras partes do mundo, como a It\u00e1lia, por exemplo, voc\u00ea tem o que est\u00e1 sendo chamado de segunda onda [de transmiss\u00e3o da Covid-19]. Para a gente evitar que isso aconte\u00e7a em Salvador, a gente precisa da participa\u00e7\u00e3o de todo mundo, porque estamos falando de sa\u00fade p\u00fablica&#8221;, conta.<\/p>\n\n\n\n<p>O secret\u00e1rio enfatizou a necessidade da ajuda popular, para que a capital baiana tamb\u00e9m n\u00e3o passe por essa segunda onda de contamina\u00e7\u00e3o.<\/p>\n\n\n\n<p>&#8220;Todos precisam dar as m\u00e3os, cumprir os protocolos nos com\u00e9rcios e nas atividades econ\u00f4micas que est\u00e3o abertas, e evitar sair. S\u00f3 sair de casa s\u00f3 com necessidade ou para fazer alguma atividade, mas o ideal ainda \u00e9 ficar em casa e, se sair, usar m\u00e1scara, para a gente evitar que essa desacelera\u00e7\u00e3o n\u00e3o volte a ter um crescimento. Tudo que queremos evitar nesse momento \u00e9 correr o risco de retrocesso nesse momento&#8221;, destacou.<\/p>\n\n\n\n<p>O secret\u00e1rio tamb\u00e9m citou os dados da Covid-19 em Salvador e falou sobre interna\u00e7\u00e3o nas UPAs que possuem os grip\u00e1rios, unidade de estabiliza\u00e7\u00e3o para pacientes com s\u00edndromes respirat\u00f3rias.<\/p>\n\n\n\n<p>&#8220;O &#8216;fator R&#8217; at\u00e9 11 de agosto, se n\u00e3o me engano, estava abaixo de 1. Eu acredito que isso se mantenha pelos sinais claros. O n\u00famero de pessoas em UPAs est\u00e1 est\u00e1vel. N\u00f3s amanhecemos com uma m\u00e9dia de cinco a seis pacientes com coronav\u00edrus. Uma parte deles de cl\u00ednica m\u00e9dica. Lembrando que, junto com o secret\u00e1rio F\u00e1bio Vilas Boas, n\u00f3s modificamos o padr\u00e3o de satura\u00e7\u00e3o, aumentamos a base. O padr\u00e3o de internamento de satura\u00e7\u00e3o era 92%, 93% hoje aumentamos para 95% que \u00e9 um padr\u00e3o de satura\u00e7\u00e3o com a respira\u00e7\u00e3o quase que normal. Para intervir precocemente, como determina a Organiza\u00e7\u00e3o Mundial da Sa\u00fade&#8221;, explicou.<\/p>\n\n\n\n<p>Sobre aqueles que acabaram n\u00e3o resistindo a doen\u00e7a, Prates diz que Salvador n\u00e3o registrou falta de atendimento a pacientes com a Covid-19 e que as fam\u00edlias de pessoas que morreram foram assistidas pela prefeitura.<\/p>\n\n\n\n<p>&#8220;N\u00e3o faltou atendimento para ningu\u00e9m com coronav\u00edrus nesta pandemia. Trabalhamos em conjunto com o governo do estado, ampliamos o n\u00famero de vagas. Fizemos chamamento para compra de urnas funer\u00e1rias. Se a gente n\u00e3o conseguiu salvar a vida das pessoas, a gente tem que dar a dignidade aos familiares de se despedirem dos seus entes queridos&#8221;, contou.<\/p>\n","protected":false},"excerpt":{"rendered":"<p>O secret\u00e1rio de Sa\u00fade de Salvador, L\u00e9o Prates, falou em entrevista ao Jornal da Manh\u00e3 desta ter\u00e7a-feira (25), sobre os atendimentos para pacientes da Covid-19 nas UPAs da capital, comentou dados da pandemia e afirmou que Salvador est\u00e1 com desacelera\u00e7\u00e3o no n\u00famero de casos da doen\u00e7a. &#8220;Voc\u00ea pode dizer que nesse momento a Covid-19 tem [&hellip;]<\/p>\n","protected":false},"author":1,"featured_media":878,"comment_status":"open","ping_status":"open","sticky":false,"template":"","format":"standard","meta":{"footnotes":""},"categories":[41],"tags":[],"class_list":{"0":"post-877","1":"post","2":"type-post","3":"status-publish","4":"format-standard","5":"has-post-thumbnail","7":"category-covid"},"_links":{"self":[{"href":"https:\/\/nordesteimprensa.com.br\/index.php\/wp-json\/wp\/v2\/posts\/877","targetHints":{"allow":["GET"]}}],"collection":[{"href":"https:\/\/nordesteimprensa.com.br\/index.php\/wp-json\/wp\/v2\/posts"}],"about":[{"href":"https:\/\/nordesteimprensa.com.br\/index.php\/wp-json\/wp\/v2\/types\/post"}],"author":[{"embeddable":true,"href":"https:\/\/nordesteimprensa.com.br\/index.php\/wp-json\/wp\/v2\/users\/1"}],"replies":[{"embeddable":true,"href":"https:\/\/nordesteimprensa.com.br\/index.php\/wp-json\/wp\/v2\/comments?post=877"}],"version-history":[{"count":1,"href":"https:\/\/nordesteimprensa.com.br\/index.php\/wp-json\/wp\/v2\/posts\/877\/revisions"}],"predecessor-version":[{"id":879,"href":"https:\/\/nordesteimprensa.com.br\/index.php\/wp-json\/wp\/v2\/posts\/877\/revisions\/879"}],"wp:featuredmedia":[{"embeddable":true,"href":"https:\/\/nordesteimprensa.com.br\/index.php\/wp-json\/wp\/v2\/media\/878"}],"wp:attachment":[{"href":"https:\/\/nordesteimprensa.com.br\/index.php\/wp-json\/wp\/v2\/media?parent=877"}],"wp:term":[{"taxonomy":"category","embeddable":true,"href":"https:\/\/nordesteimprensa.com.br\/index.php\/wp-json\/wp\/v2\/categories?post=877"},{"taxonomy":"post_tag","embeddable":true,"href":"https:\/\/nordesteimprensa.com.br\/index.php\/wp-json\/wp\/v2\/tags?post=877"}],"curies":[{"name":"wp","href":"https:\/\/api.w.org\/{rel}","templated":true}]}}