{"id":884,"date":"2020-08-26T12:09:47","date_gmt":"2020-08-26T15:09:47","guid":{"rendered":"http:\/\/nordesteimprensa.com.br\/?p=884"},"modified":"2020-08-26T12:09:48","modified_gmt":"2020-08-26T15:09:48","slug":"ex-vereador-de-cicero-dantas-ba-morre-vitima-do-novo-coronavirus","status":"publish","type":"post","link":"https:\/\/nordesteimprensa.com.br\/index.php\/2020\/08\/26\/ex-vereador-de-cicero-dantas-ba-morre-vitima-do-novo-coronavirus\/","title":{"rendered":"Ex-vereador de C\u00edcero Dantas-BA, morre v\u00edtima do novo coronav\u00edrus"},"content":{"rendered":"\n<p><br>O munic\u00edpio de C\u00edcero Dantas (BA) registrou nesta segunda-feira (24) a quarta morte em decorr\u00eancia do novo coronav\u00edrus. A v\u00edtima \u00e9 Almerindo Oliveira, pessoa p\u00fablica da cidade por sua atua\u00e7\u00e3o enquanto vereador e representante do Povoado de Serra Grande.<\/p>\n\n\n\n<p>De acordo com informa\u00e7\u00f5es, Almerindo estava hospitalizado em Ribeira do Pombal-BA, cidade vizinha, onde n\u00e3o resistiu as complica\u00e7\u00f5es em decorr\u00eancia da doen\u00e7a.<\/p>\n\n\n\n<p>Almerindo Oliveira foi vereador do munic\u00edpio por dois mandatos \u2013 de 1967 a 1970, e entre 1983 e 1988 \u2013 e sua perca foi lamentada nas redes sociais. A assessoria da prefeitura declarou tamb\u00e9m, que em breve deve divulgar maiores informa\u00e7\u00f5es sobre a morte do ex-parlamentar.<\/p>\n\n\n\n<p>Fonte: Sert\u00e3o em Pauta<\/p>\n","protected":false},"excerpt":{"rendered":"<p>O munic\u00edpio de C\u00edcero Dantas (BA) registrou nesta segunda-feira (24) a quarta morte em decorr\u00eancia do novo coronav\u00edrus. A v\u00edtima \u00e9 Almerindo Oliveira, pessoa p\u00fablica da cidade por sua atua\u00e7\u00e3o enquanto vereador e representante do Povoado de Serra Grande. De acordo com informa\u00e7\u00f5es, Almerindo estava hospitalizado em Ribeira do Pombal-BA, cidade vizinha, onde n\u00e3o resistiu [&hellip;]<\/p>\n","protected":false},"author":1,"featured_media":885,"comment_status":"open","ping_status":"open","sticky":false,"template":"","format":"standard","meta":{"footnotes":""},"categories":[10,13],"tags":[],"class_list":{"0":"post-884","1":"post","2":"type-post","3":"status-publish","4":"format-standard","5":"has-post-thumbnail","7":"category-theme-features","8":"category-politica"},"_links":{"self":[{"href":"https:\/\/nordesteimprensa.com.br\/index.php\/wp-json\/wp\/v2\/posts\/884","targetHints":{"allow":["GET"]}}],"collection":[{"href":"https:\/\/nordesteimprensa.com.br\/index.php\/wp-json\/wp\/v2\/posts"}],"about":[{"href":"https:\/\/nordesteimprensa.com.br\/index.php\/wp-json\/wp\/v2\/types\/post"}],"author":[{"embeddable":true,"href":"https:\/\/nordesteimprensa.com.br\/index.php\/wp-json\/wp\/v2\/users\/1"}],"replies":[{"embeddable":true,"href":"https:\/\/nordesteimprensa.com.br\/index.php\/wp-json\/wp\/v2\/comments?post=884"}],"version-history":[{"count":1,"href":"https:\/\/nordesteimprensa.com.br\/index.php\/wp-json\/wp\/v2\/posts\/884\/revisions"}],"predecessor-version":[{"id":886,"href":"https:\/\/nordesteimprensa.com.br\/index.php\/wp-json\/wp\/v2\/posts\/884\/revisions\/886"}],"wp:featuredmedia":[{"embeddable":true,"href":"https:\/\/nordesteimprensa.com.br\/index.php\/wp-json\/wp\/v2\/media\/885"}],"wp:attachment":[{"href":"https:\/\/nordesteimprensa.com.br\/index.php\/wp-json\/wp\/v2\/media?parent=884"}],"wp:term":[{"taxonomy":"category","embeddable":true,"href":"https:\/\/nordesteimprensa.com.br\/index.php\/wp-json\/wp\/v2\/categories?post=884"},{"taxonomy":"post_tag","embeddable":true,"href":"https:\/\/nordesteimprensa.com.br\/index.php\/wp-json\/wp\/v2\/tags?post=884"}],"curies":[{"name":"wp","href":"https:\/\/api.w.org\/{rel}","templated":true}]}}