{"id":887,"date":"2020-08-26T12:22:08","date_gmt":"2020-08-26T15:22:08","guid":{"rendered":"http:\/\/nordesteimprensa.com.br\/?p=887"},"modified":"2020-08-26T12:22:09","modified_gmt":"2020-08-26T15:22:09","slug":"casal-de-turistas-franceses-desaparece-em-trilha-na-chapada-diamantina-e-um-deles-e-achado-morto","status":"publish","type":"post","link":"https:\/\/nordesteimprensa.com.br\/index.php\/2020\/08\/26\/casal-de-turistas-franceses-desaparece-em-trilha-na-chapada-diamantina-e-um-deles-e-achado-morto\/","title":{"rendered":"Casal de turistas franceses desaparece em trilha na Chapada Diamantina e um deles \u00e9 achado morto"},"content":{"rendered":"\n<p>Um turista franc\u00eas foi encontrado morto e outra foi resgatada com vida, ap\u00f3s terem desaparecido em uma trilha da cidade de Palmeiras, na Chapada Diamantina, uma das principais regi\u00f5es tur\u00edsticas da Bahia. A informa\u00e7\u00e3o foi confirmada pelo Corpo de Bombeiros, respons\u00e1vel pelo resgate do corpo, que ocorreu na segunda-feira (24).<\/p>\n\n\n\n<p>De acordo com o Corpo de Bombeiros, o homem e a mulher desapareceram no s\u00e1bado (22), em trilha do parque Riachinho. O casal estava na regi\u00e3o h\u00e1 cerca de seis meses e teria sido orientado, inicialmente, por uma pessoa que mora na regi\u00e3o e que conduziu os dois at\u00e9 determinado ponto da trilha. Depois, o casal seguiu sozinho.&nbsp;<\/p>\n\n\n\n<p>Informa\u00e7\u00f5es iniciais apontam que as v\u00edtimas ca\u00edram de uma parte alta da trilha.&nbsp;<\/p>\n\n\n\n<p>Como demoraram para aparecer, a pessoa que tinha levado os turistas acionou ajuda e, com guias da regi\u00e3o, conseguiu encontrar a mulher ainda no s\u00e1bado.<\/p>\n\n\n\n<p>Ela foi levada para o Hospital Regional da Chapada, em Seabra, que fica a cerca de 36 km de Palmeiras. Ela est\u00e1 bem, mas segue internada e com previs\u00e3o de transfer\u00eancia para Salvador.&nbsp;<\/p>\n\n\n\n<p>O homem foi encontrado na segunda-feira, sem vida. Equipes do 11\u00b0 Grupamento de Bombeiros Militar (11\u00b0GBM\/Itaberaba) e do 2\u00b0 SGBM\/Len\u00e7\u00f3is resgataram o corpo do turista. Guias da Associa\u00e7\u00e3o de Condutores de Visitantes do Vale do Cap\u00e3o (ACVVC) tamb\u00e9m participaram da opera\u00e7\u00e3o.&nbsp;<\/p>\n\n\n\n<p>O corpo do homem foi encaminhado para uma unidade do Departamento de Pol\u00edcia T\u00e9cnica e entregue \u00e0 Pol\u00edcia Civil para os procedimentos legais.&nbsp;<\/p>\n\n\n\n<p>Por meio de nota, a Secretaria de Meio Ambiente do Munic\u00edpio de Palmeiras lamentou a morte do turista. Informou ainda que os parques da regi\u00e3o est\u00e3o fechados, devido ao isolamento social necess\u00e1rio diante da pandemia do novo coronav\u00edrus. Segundo a pasta, os turistas invadiram o parque Riachinho, onde ocorreu o acidente.<\/p>\n\n\n\n<p>Fonte: G1 Ba<\/p>\n","protected":false},"excerpt":{"rendered":"<p>Um turista franc\u00eas foi encontrado morto e outra foi resgatada com vida, ap\u00f3s terem desaparecido em uma trilha da cidade de Palmeiras, na Chapada Diamantina, uma das principais regi\u00f5es tur\u00edsticas da Bahia. A informa\u00e7\u00e3o foi confirmada pelo Corpo de Bombeiros, respons\u00e1vel pelo resgate do corpo, que ocorreu na segunda-feira (24). De acordo com o Corpo [&hellip;]<\/p>\n","protected":false},"author":1,"featured_media":888,"comment_status":"open","ping_status":"open","sticky":false,"template":"","format":"standard","meta":{"footnotes":""},"categories":[43,10],"tags":[],"class_list":{"0":"post-887","1":"post","2":"type-post","3":"status-publish","4":"format-standard","5":"has-post-thumbnail","7":"category-acidente","8":"category-theme-features"},"_links":{"self":[{"href":"https:\/\/nordesteimprensa.com.br\/index.php\/wp-json\/wp\/v2\/posts\/887","targetHints":{"allow":["GET"]}}],"collection":[{"href":"https:\/\/nordesteimprensa.com.br\/index.php\/wp-json\/wp\/v2\/posts"}],"about":[{"href":"https:\/\/nordesteimprensa.com.br\/index.php\/wp-json\/wp\/v2\/types\/post"}],"author":[{"embeddable":true,"href":"https:\/\/nordesteimprensa.com.br\/index.php\/wp-json\/wp\/v2\/users\/1"}],"replies":[{"embeddable":true,"href":"https:\/\/nordesteimprensa.com.br\/index.php\/wp-json\/wp\/v2\/comments?post=887"}],"version-history":[{"count":1,"href":"https:\/\/nordesteimprensa.com.br\/index.php\/wp-json\/wp\/v2\/posts\/887\/revisions"}],"predecessor-version":[{"id":889,"href":"https:\/\/nordesteimprensa.com.br\/index.php\/wp-json\/wp\/v2\/posts\/887\/revisions\/889"}],"wp:featuredmedia":[{"embeddable":true,"href":"https:\/\/nordesteimprensa.com.br\/index.php\/wp-json\/wp\/v2\/media\/888"}],"wp:attachment":[{"href":"https:\/\/nordesteimprensa.com.br\/index.php\/wp-json\/wp\/v2\/media?parent=887"}],"wp:term":[{"taxonomy":"category","embeddable":true,"href":"https:\/\/nordesteimprensa.com.br\/index.php\/wp-json\/wp\/v2\/categories?post=887"},{"taxonomy":"post_tag","embeddable":true,"href":"https:\/\/nordesteimprensa.com.br\/index.php\/wp-json\/wp\/v2\/tags?post=887"}],"curies":[{"name":"wp","href":"https:\/\/api.w.org\/{rel}","templated":true}]}}