{"id":9003,"date":"2026-03-05T10:47:29","date_gmt":"2026-03-05T13:47:29","guid":{"rendered":"https:\/\/nordesteimprensa.com.br\/?p=9003"},"modified":"2026-03-11T08:30:01","modified_gmt":"2026-03-11T11:30:01","slug":"al-225-trafego-e-liberado-em-trecho-que-liga-alagoas-a-sergipe","status":"publish","type":"post","link":"https:\/\/nordesteimprensa.com.br\/index.php\/2026\/03\/05\/al-225-trafego-e-liberado-em-trecho-que-liga-alagoas-a-sergipe\/","title":{"rendered":"AL-225: tr\u00e1fego \u00e9 liberado em trecho que liga Alagoas a Sergipe"},"content":{"rendered":"\n<p>O tr\u00e1fego de ve\u00edculos foi liberado nesta quarta-feira (4) no trecho da Rodovia AL-225 que liga Sergipe a Alagoas, pr\u00f3ximo \u00e0 ponte sobre o Rio S\u00e3o Francisco, entre os munic\u00edpios de\u00a0Piranhas\u00a0(AL) e\u00a0Canind\u00e9 de S\u00e3o Francisco\u00a0(SE).\u00a0<\/p>\n\n\n\n<p><strong>A libera\u00e7\u00e3o ocorreu ap\u00f3s uma for\u00e7a-tarefa mobilizada para recuperar o trecho da rodovia que havia cedido durante as fortes chuvas que atingiram a regi\u00e3o<\/strong>. A AL-225 \u00e9 considerada um importante eixo de mobilidade entre os dois estados, utilizada por moradores, trabalhadores, turistas e para o transporte de mercadorias.&nbsp;<\/p>\n\n\n\n<p>A pista havia sido interditada depois que parte da rodovia cedeu na madrugada do \u00faltimo s\u00e1bado (28). A for\u00e7a da enxurrada abriu uma cratera no trecho, o que foi confirmado pela Defesa Civil de Canind\u00e9 de S\u00e3o Francisco.<\/p>\n\n\n\n<p>Fonte: G1<\/p>\n\n\n\n<p><\/p>\n","protected":false},"excerpt":{"rendered":"<p>O tr\u00e1fego de ve\u00edculos foi liberado nesta quarta-feira (4) no trecho da Rodovia AL-225 que liga Sergipe a Alagoas, pr\u00f3ximo \u00e0 ponte sobre o Rio S\u00e3o Francisco, entre os munic\u00edpios de\u00a0Piranhas\u00a0(AL) e\u00a0Canind\u00e9 de S\u00e3o Francisco\u00a0(SE).\u00a0 A libera\u00e7\u00e3o ocorreu ap\u00f3s uma for\u00e7a-tarefa mobilizada para recuperar o trecho da rodovia que havia cedido durante as fortes chuvas [&hellip;]<\/p>\n","protected":false},"author":6,"featured_media":9004,"comment_status":"open","ping_status":"open","sticky":false,"template":"","format":"standard","meta":{"footnotes":""},"categories":[10],"tags":[],"class_list":{"0":"post-9003","1":"post","2":"type-post","3":"status-publish","4":"format-standard","5":"has-post-thumbnail","7":"category-theme-features"},"_links":{"self":[{"href":"https:\/\/nordesteimprensa.com.br\/index.php\/wp-json\/wp\/v2\/posts\/9003","targetHints":{"allow":["GET"]}}],"collection":[{"href":"https:\/\/nordesteimprensa.com.br\/index.php\/wp-json\/wp\/v2\/posts"}],"about":[{"href":"https:\/\/nordesteimprensa.com.br\/index.php\/wp-json\/wp\/v2\/types\/post"}],"author":[{"embeddable":true,"href":"https:\/\/nordesteimprensa.com.br\/index.php\/wp-json\/wp\/v2\/users\/6"}],"replies":[{"embeddable":true,"href":"https:\/\/nordesteimprensa.com.br\/index.php\/wp-json\/wp\/v2\/comments?post=9003"}],"version-history":[{"count":1,"href":"https:\/\/nordesteimprensa.com.br\/index.php\/wp-json\/wp\/v2\/posts\/9003\/revisions"}],"predecessor-version":[{"id":9005,"href":"https:\/\/nordesteimprensa.com.br\/index.php\/wp-json\/wp\/v2\/posts\/9003\/revisions\/9005"}],"wp:featuredmedia":[{"embeddable":true,"href":"https:\/\/nordesteimprensa.com.br\/index.php\/wp-json\/wp\/v2\/media\/9004"}],"wp:attachment":[{"href":"https:\/\/nordesteimprensa.com.br\/index.php\/wp-json\/wp\/v2\/media?parent=9003"}],"wp:term":[{"taxonomy":"category","embeddable":true,"href":"https:\/\/nordesteimprensa.com.br\/index.php\/wp-json\/wp\/v2\/categories?post=9003"},{"taxonomy":"post_tag","embeddable":true,"href":"https:\/\/nordesteimprensa.com.br\/index.php\/wp-json\/wp\/v2\/tags?post=9003"}],"curies":[{"name":"wp","href":"https:\/\/api.w.org\/{rel}","templated":true}]}}