{"id":9010,"date":"2026-03-06T10:06:58","date_gmt":"2026-03-06T13:06:58","guid":{"rendered":"https:\/\/nordesteimprensa.com.br\/?p=9010"},"modified":"2026-03-11T08:29:46","modified_gmt":"2026-03-11T11:29:46","slug":"pm-prende-homem-pelo-crime-de-lesao-corporal-em-riachao-do-dantas","status":"publish","type":"post","link":"https:\/\/nordesteimprensa.com.br\/index.php\/2026\/03\/06\/pm-prende-homem-pelo-crime-de-lesao-corporal-em-riachao-do-dantas\/","title":{"rendered":"PM PRENDE HOMEM PELO CRIME DE LES\u00c3O CORPORAL EM RIACH\u00c3O DO DANTAS"},"content":{"rendered":"\n<p>Na \u00faltima quinta-feira, 5, militares do 7\u00ba Batalh\u00e3o de Pol\u00edcia Militar (7\u00ba BPM) prenderam um homem por Les\u00e3o Corporal e amea\u00e7a com arma branca no povoado Bonfim, em Riach\u00e3o do Dantas.<\/p>\n\n\n\n<p>A equipe foi acionada por uma mulher que relatou uma agress\u00e3o contra o seu marido. Segundo ela, o autor havia atentado contra a v\u00edtima durante uma caminhada matinal. O agredido confirmou a vers\u00e3o da esposa.<\/p>\n\n\n\n<p>O suposto autor, que possu\u00eda um fac\u00e3o, foi posteriormente identificado. Ele estava na porta de casa em estado de descontrole.<\/p>\n\n\n\n<p>O caso foi encaminhado \u00e0 delegacia para ado\u00e7\u00e3o das medidas legais cab\u00edveis.<\/p>\n\n\n\n<p>Cr\u00e9ditos: Lagartense.com.br<\/p>\n","protected":false},"excerpt":{"rendered":"<p>Na \u00faltima quinta-feira, 5, militares do 7\u00ba Batalh\u00e3o de Pol\u00edcia Militar (7\u00ba BPM) prenderam um homem por Les\u00e3o Corporal e amea\u00e7a com arma branca no povoado Bonfim, em Riach\u00e3o do Dantas. A equipe foi acionada por uma mulher que relatou uma agress\u00e3o contra o seu marido. Segundo ela, o autor havia atentado contra a v\u00edtima [&hellip;]<\/p>\n","protected":false},"author":6,"featured_media":9011,"comment_status":"open","ping_status":"open","sticky":false,"template":"","format":"standard","meta":{"footnotes":""},"categories":[10],"tags":[],"class_list":{"0":"post-9010","1":"post","2":"type-post","3":"status-publish","4":"format-standard","5":"has-post-thumbnail","7":"category-theme-features"},"_links":{"self":[{"href":"https:\/\/nordesteimprensa.com.br\/index.php\/wp-json\/wp\/v2\/posts\/9010","targetHints":{"allow":["GET"]}}],"collection":[{"href":"https:\/\/nordesteimprensa.com.br\/index.php\/wp-json\/wp\/v2\/posts"}],"about":[{"href":"https:\/\/nordesteimprensa.com.br\/index.php\/wp-json\/wp\/v2\/types\/post"}],"author":[{"embeddable":true,"href":"https:\/\/nordesteimprensa.com.br\/index.php\/wp-json\/wp\/v2\/users\/6"}],"replies":[{"embeddable":true,"href":"https:\/\/nordesteimprensa.com.br\/index.php\/wp-json\/wp\/v2\/comments?post=9010"}],"version-history":[{"count":1,"href":"https:\/\/nordesteimprensa.com.br\/index.php\/wp-json\/wp\/v2\/posts\/9010\/revisions"}],"predecessor-version":[{"id":9012,"href":"https:\/\/nordesteimprensa.com.br\/index.php\/wp-json\/wp\/v2\/posts\/9010\/revisions\/9012"}],"wp:featuredmedia":[{"embeddable":true,"href":"https:\/\/nordesteimprensa.com.br\/index.php\/wp-json\/wp\/v2\/media\/9011"}],"wp:attachment":[{"href":"https:\/\/nordesteimprensa.com.br\/index.php\/wp-json\/wp\/v2\/media?parent=9010"}],"wp:term":[{"taxonomy":"category","embeddable":true,"href":"https:\/\/nordesteimprensa.com.br\/index.php\/wp-json\/wp\/v2\/categories?post=9010"},{"taxonomy":"post_tag","embeddable":true,"href":"https:\/\/nordesteimprensa.com.br\/index.php\/wp-json\/wp\/v2\/tags?post=9010"}],"curies":[{"name":"wp","href":"https:\/\/api.w.org\/{rel}","templated":true}]}}