{"id":9017,"date":"2026-03-06T14:10:00","date_gmt":"2026-03-06T17:10:00","guid":{"rendered":"https:\/\/nordesteimprensa.com.br\/?p=9017"},"modified":"2026-03-11T08:29:38","modified_gmt":"2026-03-11T11:29:38","slug":"concurso-para-professor-da-rede-estadual-de-sergipe-avanca-para-etapa-de-prova-didatica-neste-domingo","status":"publish","type":"post","link":"https:\/\/nordesteimprensa.com.br\/index.php\/2026\/03\/06\/concurso-para-professor-da-rede-estadual-de-sergipe-avanca-para-etapa-de-prova-didatica-neste-domingo\/","title":{"rendered":"Concurso para professor da rede estadual de Sergipe avan\u00e7a para etapa de prova did\u00e1tica neste domingo"},"content":{"rendered":"\n<p>O concurso p\u00fablico para professor da rede estadual de ensino de Sergipe avan\u00e7ar\u00e1 para mais uma etapa no pr\u00f3ximo domingo, 8, quando ser\u00e3o aplicadas as provas pr\u00e1ticas de did\u00e1tica. A fase ser\u00e1 conduzida pelas secretarias de Estado da Administra\u00e7\u00e3o e da Educa\u00e7\u00e3o, com organiza\u00e7\u00e3o do Centro Brasileiro de Pesquisa em Avalia\u00e7\u00e3o e Sele\u00e7\u00e3o e de Promo\u00e7\u00e3o de Eventos (Cebraspe), respons\u00e1vel pelo certame.<\/p>\n\n\n\n<p>Participam dessa etapa, de car\u00e1ter eliminat\u00f3rio e classificat\u00f3rio, os candidatos habilitados nas provas objetivas e discursivas realizadas no dia 12 de janeiro. A consulta aos locais de realiza\u00e7\u00e3o das avalia\u00e7\u00f5es foi disponibilizada na quarta-feira, 4, no site da banca organizadora, e deve ser feita individualmente pelos candidatos mediante inser\u00e7\u00e3o dos dados solicitados.<\/p>\n\n\n\n<p>De acordo com a comiss\u00e3o organizadora, os participantes dever\u00e3o comparecer ao local indicado com anteced\u00eancia m\u00ednima de uma hora em rela\u00e7\u00e3o ao hor\u00e1rio previsto para o in\u00edcio da prova. Ap\u00f3s a identifica\u00e7\u00e3o, os candidatos permanecer\u00e3o em sala de espera at\u00e9 o momento da apresenta\u00e7\u00e3o, n\u00e3o sendo permitida a entrada ap\u00f3s o hor\u00e1rio estabelecido nem a realiza\u00e7\u00e3o de segunda chamada.<\/p>\n\n\n\n<p>O resultado preliminar da prova pr\u00e1tica tem divulga\u00e7\u00e3o prevista para o dia 31 de mar\u00e7o no Di\u00e1rio Oficial do Estado e no portal do Cebraspe. Lan\u00e7ado ap\u00f3s 15 anos sem concurso para o magist\u00e9rio estadual, o certame contempla vagas para todas as Diretorias Regionais de Educa\u00e7\u00e3o e inclui disciplinas da Base Comum Curricular, Educa\u00e7\u00e3o Especial, Conservat\u00f3rio de M\u00fasica, al\u00e9m de vagas in\u00e9ditas para Ensino Religioso e Inform\u00e1tica\/Computa\u00e7\u00e3o.<\/p>\n","protected":false},"excerpt":{"rendered":"<p>O concurso p\u00fablico para professor da rede estadual de ensino de Sergipe avan\u00e7ar\u00e1 para mais uma etapa no pr\u00f3ximo domingo, 8, quando ser\u00e3o aplicadas as provas pr\u00e1ticas de did\u00e1tica. A fase ser\u00e1 conduzida pelas secretarias de Estado da Administra\u00e7\u00e3o e da Educa\u00e7\u00e3o, com organiza\u00e7\u00e3o do Centro Brasileiro de Pesquisa em Avalia\u00e7\u00e3o e Sele\u00e7\u00e3o e de [&hellip;]<\/p>\n","protected":false},"author":6,"featured_media":9018,"comment_status":"open","ping_status":"open","sticky":false,"template":"","format":"standard","meta":{"footnotes":""},"categories":[10],"tags":[],"class_list":{"0":"post-9017","1":"post","2":"type-post","3":"status-publish","4":"format-standard","5":"has-post-thumbnail","7":"category-theme-features"},"_links":{"self":[{"href":"https:\/\/nordesteimprensa.com.br\/index.php\/wp-json\/wp\/v2\/posts\/9017","targetHints":{"allow":["GET"]}}],"collection":[{"href":"https:\/\/nordesteimprensa.com.br\/index.php\/wp-json\/wp\/v2\/posts"}],"about":[{"href":"https:\/\/nordesteimprensa.com.br\/index.php\/wp-json\/wp\/v2\/types\/post"}],"author":[{"embeddable":true,"href":"https:\/\/nordesteimprensa.com.br\/index.php\/wp-json\/wp\/v2\/users\/6"}],"replies":[{"embeddable":true,"href":"https:\/\/nordesteimprensa.com.br\/index.php\/wp-json\/wp\/v2\/comments?post=9017"}],"version-history":[{"count":1,"href":"https:\/\/nordesteimprensa.com.br\/index.php\/wp-json\/wp\/v2\/posts\/9017\/revisions"}],"predecessor-version":[{"id":9019,"href":"https:\/\/nordesteimprensa.com.br\/index.php\/wp-json\/wp\/v2\/posts\/9017\/revisions\/9019"}],"wp:featuredmedia":[{"embeddable":true,"href":"https:\/\/nordesteimprensa.com.br\/index.php\/wp-json\/wp\/v2\/media\/9018"}],"wp:attachment":[{"href":"https:\/\/nordesteimprensa.com.br\/index.php\/wp-json\/wp\/v2\/media?parent=9017"}],"wp:term":[{"taxonomy":"category","embeddable":true,"href":"https:\/\/nordesteimprensa.com.br\/index.php\/wp-json\/wp\/v2\/categories?post=9017"},{"taxonomy":"post_tag","embeddable":true,"href":"https:\/\/nordesteimprensa.com.br\/index.php\/wp-json\/wp\/v2\/tags?post=9017"}],"curies":[{"name":"wp","href":"https:\/\/api.w.org\/{rel}","templated":true}]}}