{"id":9020,"date":"2026-03-09T10:23:42","date_gmt":"2026-03-09T13:23:42","guid":{"rendered":"https:\/\/nordesteimprensa.com.br\/?p=9020"},"modified":"2026-03-11T08:29:32","modified_gmt":"2026-03-11T11:29:32","slug":"bprv-registra-acidente-em-lagarto-e-riachao-do-dantas-durante-o-fim-de-semana","status":"publish","type":"post","link":"https:\/\/nordesteimprensa.com.br\/index.php\/2026\/03\/09\/bprv-registra-acidente-em-lagarto-e-riachao-do-dantas-durante-o-fim-de-semana\/","title":{"rendered":"BPRV REGISTRA ACIDENTE EM LAGARTO E RIACH\u00c3O DO DANTAS DURANTE O FIM DE SEMANA"},"content":{"rendered":"\n<p>Na manh\u00e3 desta segunda-feira, 09, o Batalh\u00e3o de Pol\u00edcia Rodovi\u00e1ria Estadual (BPRv) divulgou o balan\u00e7o das ocorr\u00eancias registradas nas rodovias de Sergipe, entre os dias 06 e 08 de mar\u00e7o.<\/p>\n\n\n\n<p>De acordo com o BPRv, cinco acidentes foram registrados. Desses, tr\u00eas pessoas ficaram feridas e tr\u00eas vieram a \u00f3bito.<\/p>\n\n\n\n<p>No s\u00e1bado, 07, em Lagarto, uma colis\u00e3o traseira entre uma motocicleta e autom\u00f3vel deixou uma pessoa ferida na Rodovia SE-265, no Povoado Ara\u00e7\u00e1. Um acidente tamb\u00e9m foi registrado no povoado Campestre, em Riach\u00e3o do Dantas, uma queda de motocicleta deixou uma v\u00edtima fatal.<\/p>\n\n\n\n<p>Ainda no s\u00e1bado, uma colis\u00e3o lateral, seguida de atropelamento, envolvendo duas motocicletas e um caminh\u00e3o deixou uma pessoa ferida e outra morta na SE-230, em Nossa Senhora da Gl\u00f3ria.<\/p>\n\n\n\n<p>J\u00e1 no domingo, 08, uma queda de motocicleta deixou uma v\u00edtima fatal na Rodovia SE-200, em Brejo Grande.<\/p>\n\n\n\n<p>Durante o fim de semana, a equipe do Jaguar Boiadeiro tamb\u00e9m atuou nas rodovias estaduais, realizando o recolhimento de seis equinos soltos \u00e0s margens das rodovias.<\/p>\n\n\n\n<p>O BPRV refor\u00e7a o alerta aos condutores:<\/p>\n\n\n\n<p>Respeite as leis de tr\u00e2nsito, reduza a velocidade e dirija com aten\u00e7\u00e3o. A seguran\u00e7a nas rodovias depende da responsabilidade de todos.<\/p>\n\n\n\n<p>Cr\u00e9ditos: Lagartense.com.br<\/p>\n","protected":false},"excerpt":{"rendered":"<p>Na manh\u00e3 desta segunda-feira, 09, o Batalh\u00e3o de Pol\u00edcia Rodovi\u00e1ria Estadual (BPRv) divulgou o balan\u00e7o das ocorr\u00eancias registradas nas rodovias de Sergipe, entre os dias 06 e 08 de mar\u00e7o. De acordo com o BPRv, cinco acidentes foram registrados. Desses, tr\u00eas pessoas ficaram feridas e tr\u00eas vieram a \u00f3bito. No s\u00e1bado, 07, em Lagarto, uma [&hellip;]<\/p>\n","protected":false},"author":6,"featured_media":9021,"comment_status":"open","ping_status":"open","sticky":false,"template":"","format":"standard","meta":{"footnotes":""},"categories":[10],"tags":[],"class_list":{"0":"post-9020","1":"post","2":"type-post","3":"status-publish","4":"format-standard","5":"has-post-thumbnail","7":"category-theme-features"},"_links":{"self":[{"href":"https:\/\/nordesteimprensa.com.br\/index.php\/wp-json\/wp\/v2\/posts\/9020","targetHints":{"allow":["GET"]}}],"collection":[{"href":"https:\/\/nordesteimprensa.com.br\/index.php\/wp-json\/wp\/v2\/posts"}],"about":[{"href":"https:\/\/nordesteimprensa.com.br\/index.php\/wp-json\/wp\/v2\/types\/post"}],"author":[{"embeddable":true,"href":"https:\/\/nordesteimprensa.com.br\/index.php\/wp-json\/wp\/v2\/users\/6"}],"replies":[{"embeddable":true,"href":"https:\/\/nordesteimprensa.com.br\/index.php\/wp-json\/wp\/v2\/comments?post=9020"}],"version-history":[{"count":1,"href":"https:\/\/nordesteimprensa.com.br\/index.php\/wp-json\/wp\/v2\/posts\/9020\/revisions"}],"predecessor-version":[{"id":9022,"href":"https:\/\/nordesteimprensa.com.br\/index.php\/wp-json\/wp\/v2\/posts\/9020\/revisions\/9022"}],"wp:featuredmedia":[{"embeddable":true,"href":"https:\/\/nordesteimprensa.com.br\/index.php\/wp-json\/wp\/v2\/media\/9021"}],"wp:attachment":[{"href":"https:\/\/nordesteimprensa.com.br\/index.php\/wp-json\/wp\/v2\/media?parent=9020"}],"wp:term":[{"taxonomy":"category","embeddable":true,"href":"https:\/\/nordesteimprensa.com.br\/index.php\/wp-json\/wp\/v2\/categories?post=9020"},{"taxonomy":"post_tag","embeddable":true,"href":"https:\/\/nordesteimprensa.com.br\/index.php\/wp-json\/wp\/v2\/tags?post=9020"}],"curies":[{"name":"wp","href":"https:\/\/api.w.org\/{rel}","templated":true}]}}