{"id":9023,"date":"2026-03-09T10:25:13","date_gmt":"2026-03-09T13:25:13","guid":{"rendered":"https:\/\/nordesteimprensa.com.br\/?p=9023"},"modified":"2026-03-11T08:29:19","modified_gmt":"2026-03-11T11:29:19","slug":"idoso-morre-apos-perder-controle-de-moto-e-cair-na-rodovia-se-200-em-brejo-grande","status":"publish","type":"post","link":"https:\/\/nordesteimprensa.com.br\/index.php\/2026\/03\/09\/idoso-morre-apos-perder-controle-de-moto-e-cair-na-rodovia-se-200-em-brejo-grande\/","title":{"rendered":"Idoso morre ap\u00f3s perder controle de moto e cair na rodovia SE-200, em Brejo Grande"},"content":{"rendered":"\n<p>Na manh\u00e3 deste domingo (8), um homem de 62 anos morreu ap\u00f3s sofrer uma queda de motocicleta na rodovia SE-200, no munic\u00edpio de Brejo Grande, no Baixo S\u00e3o Francisco sergipano.<\/p>\n\n\n\n<p>De acordo com informa\u00e7\u00f5es do Batalh\u00e3o de Pol\u00edcia Rodovi\u00e1ria Estadual (BPRv), o motociclista seguia no sentido entre o povoado Brej\u00e3o dos Negros e o acesso \u00e0 rodovia SE-204 quando perdeu o controle do ve\u00edculo em uma curva, nas proximidades da Fazenda Fernandinho, e caiu.<\/p>\n\n\n\n<p>A v\u00edtima estava sozinha no momento do acidente e n\u00e3o houve testemunhas. Equipes do Servi\u00e7o de Atendimento M\u00f3vel de Urg\u00eancia (Samu) foram acionadas, mas o \u00f3bito foi confirmado ainda no local.<\/p>\n\n\n\n<p>A \u00e1rea foi isolada at\u00e9 a chegada da Criminal\u00edstica e do Instituto M\u00e9dico Legal (IML), respons\u00e1veis pelos procedimentos periciais e recolhimento do corpo.<\/p>\n\n\n\n<p>Fonte: A8se<\/p>\n\n\n\n<p><\/p>\n\n\n\n<p><\/p>\n\n\n\n<p><\/p>\n\n\n\n<p><\/p>\n","protected":false},"excerpt":{"rendered":"<p>Na manh\u00e3 deste domingo (8), um homem de 62 anos morreu ap\u00f3s sofrer uma queda de motocicleta na rodovia SE-200, no munic\u00edpio de Brejo Grande, no Baixo S\u00e3o Francisco sergipano. De acordo com informa\u00e7\u00f5es do Batalh\u00e3o de Pol\u00edcia Rodovi\u00e1ria Estadual (BPRv), o motociclista seguia no sentido entre o povoado Brej\u00e3o dos Negros e o acesso [&hellip;]<\/p>\n","protected":false},"author":6,"featured_media":9024,"comment_status":"open","ping_status":"open","sticky":false,"template":"","format":"standard","meta":{"footnotes":""},"categories":[10],"tags":[],"class_list":{"0":"post-9023","1":"post","2":"type-post","3":"status-publish","4":"format-standard","5":"has-post-thumbnail","7":"category-theme-features"},"_links":{"self":[{"href":"https:\/\/nordesteimprensa.com.br\/index.php\/wp-json\/wp\/v2\/posts\/9023","targetHints":{"allow":["GET"]}}],"collection":[{"href":"https:\/\/nordesteimprensa.com.br\/index.php\/wp-json\/wp\/v2\/posts"}],"about":[{"href":"https:\/\/nordesteimprensa.com.br\/index.php\/wp-json\/wp\/v2\/types\/post"}],"author":[{"embeddable":true,"href":"https:\/\/nordesteimprensa.com.br\/index.php\/wp-json\/wp\/v2\/users\/6"}],"replies":[{"embeddable":true,"href":"https:\/\/nordesteimprensa.com.br\/index.php\/wp-json\/wp\/v2\/comments?post=9023"}],"version-history":[{"count":1,"href":"https:\/\/nordesteimprensa.com.br\/index.php\/wp-json\/wp\/v2\/posts\/9023\/revisions"}],"predecessor-version":[{"id":9025,"href":"https:\/\/nordesteimprensa.com.br\/index.php\/wp-json\/wp\/v2\/posts\/9023\/revisions\/9025"}],"wp:featuredmedia":[{"embeddable":true,"href":"https:\/\/nordesteimprensa.com.br\/index.php\/wp-json\/wp\/v2\/media\/9024"}],"wp:attachment":[{"href":"https:\/\/nordesteimprensa.com.br\/index.php\/wp-json\/wp\/v2\/media?parent=9023"}],"wp:term":[{"taxonomy":"category","embeddable":true,"href":"https:\/\/nordesteimprensa.com.br\/index.php\/wp-json\/wp\/v2\/categories?post=9023"},{"taxonomy":"post_tag","embeddable":true,"href":"https:\/\/nordesteimprensa.com.br\/index.php\/wp-json\/wp\/v2\/tags?post=9023"}],"curies":[{"name":"wp","href":"https:\/\/api.w.org\/{rel}","templated":true}]}}