{"id":9026,"date":"2026-03-09T17:43:07","date_gmt":"2026-03-09T20:43:07","guid":{"rendered":"https:\/\/nordesteimprensa.com.br\/?p=9026"},"modified":"2026-03-11T08:29:04","modified_gmt":"2026-03-11T11:29:04","slug":"sergipe-lidera-no-nordeste-em-equilibrio-salarial-entre-homens-e-mulheres-e-e-2o-no-pais","status":"publish","type":"post","link":"https:\/\/nordesteimprensa.com.br\/index.php\/2026\/03\/09\/sergipe-lidera-no-nordeste-em-equilibrio-salarial-entre-homens-e-mulheres-e-e-2o-no-pais\/","title":{"rendered":"Sergipe lidera no Nordeste em equil\u00edbrio salarial entre homens e mulheres e \u00e9 2\u00ba no pa\u00eds"},"content":{"rendered":"\n<p>Sergipe alcan\u00e7ou o primeiro lugar no Nordeste e o segundo no Brasil no indicador de equil\u00edbrio de g\u00eanero na remunera\u00e7\u00e3o do setor p\u00fablico estadual, segundo levantamento do Centro de Lideran\u00e7a P\u00fablica (CLP). O dado integra o Ranking de Competitividade dos Estados e dos Munic\u00edpios e mostra que o estado avan\u00e7ou 11 posi\u00e7\u00f5es em rela\u00e7\u00e3o ao resultado registrado em 2023.<\/p>\n\n\n\n<p>O resultado reflete medidas adotadas pelo governo estadual para ampliar a igualdade de oportunidades entre homens e mulheres. Em 2024, o governador F\u00e1bio Mitidieri assinou decreto que estabelece paridade de g\u00eanero nos cargos em comiss\u00e3o do Poder Executivo, garantindo que pelo menos 50% dessas fun\u00e7\u00f5es sejam ocupadas por mulheres na administra\u00e7\u00e3o direta e indireta.<\/p>\n\n\n\n<p>O protagonismo feminino tamb\u00e9m se destaca na composi\u00e7\u00e3o da gest\u00e3o. Atualmente, dez mulheres comandam secretarias estrat\u00e9gicas, como Assist\u00eancia Social, Fazenda, Educa\u00e7\u00e3o, Justi\u00e7a e Cidadania, Administra\u00e7\u00e3o, Meio Ambiente e Pol\u00edticas para as Mulheres, representando cerca de 40% do primeiro escal\u00e3o do governo estadual.<\/p>\n\n\n\n<p>O estado tamb\u00e9m se destaca por ter o Gabinete Militar liderado pela tenente-coronel Anne Bastos, refor\u00e7ando a presen\u00e7a feminina em cargos historicamente ocupados por homens.<\/p>\n","protected":false},"excerpt":{"rendered":"<p>Sergipe alcan\u00e7ou o primeiro lugar no Nordeste e o segundo no Brasil no indicador de equil\u00edbrio de g\u00eanero na remunera\u00e7\u00e3o do setor p\u00fablico estadual, segundo levantamento do Centro de Lideran\u00e7a P\u00fablica (CLP). O dado integra o Ranking de Competitividade dos Estados e dos Munic\u00edpios e mostra que o estado avan\u00e7ou 11 posi\u00e7\u00f5es em rela\u00e7\u00e3o ao [&hellip;]<\/p>\n","protected":false},"author":6,"featured_media":9027,"comment_status":"open","ping_status":"open","sticky":false,"template":"","format":"standard","meta":{"footnotes":""},"categories":[10],"tags":[],"class_list":{"0":"post-9026","1":"post","2":"type-post","3":"status-publish","4":"format-standard","5":"has-post-thumbnail","7":"category-theme-features"},"_links":{"self":[{"href":"https:\/\/nordesteimprensa.com.br\/index.php\/wp-json\/wp\/v2\/posts\/9026","targetHints":{"allow":["GET"]}}],"collection":[{"href":"https:\/\/nordesteimprensa.com.br\/index.php\/wp-json\/wp\/v2\/posts"}],"about":[{"href":"https:\/\/nordesteimprensa.com.br\/index.php\/wp-json\/wp\/v2\/types\/post"}],"author":[{"embeddable":true,"href":"https:\/\/nordesteimprensa.com.br\/index.php\/wp-json\/wp\/v2\/users\/6"}],"replies":[{"embeddable":true,"href":"https:\/\/nordesteimprensa.com.br\/index.php\/wp-json\/wp\/v2\/comments?post=9026"}],"version-history":[{"count":1,"href":"https:\/\/nordesteimprensa.com.br\/index.php\/wp-json\/wp\/v2\/posts\/9026\/revisions"}],"predecessor-version":[{"id":9028,"href":"https:\/\/nordesteimprensa.com.br\/index.php\/wp-json\/wp\/v2\/posts\/9026\/revisions\/9028"}],"wp:featuredmedia":[{"embeddable":true,"href":"https:\/\/nordesteimprensa.com.br\/index.php\/wp-json\/wp\/v2\/media\/9027"}],"wp:attachment":[{"href":"https:\/\/nordesteimprensa.com.br\/index.php\/wp-json\/wp\/v2\/media?parent=9026"}],"wp:term":[{"taxonomy":"category","embeddable":true,"href":"https:\/\/nordesteimprensa.com.br\/index.php\/wp-json\/wp\/v2\/categories?post=9026"},{"taxonomy":"post_tag","embeddable":true,"href":"https:\/\/nordesteimprensa.com.br\/index.php\/wp-json\/wp\/v2\/tags?post=9026"}],"curies":[{"name":"wp","href":"https:\/\/api.w.org\/{rel}","templated":true}]}}