{"id":9029,"date":"2026-03-10T09:56:28","date_gmt":"2026-03-10T12:56:28","guid":{"rendered":"https:\/\/nordesteimprensa.com.br\/?p=9029"},"modified":"2026-03-11T08:29:11","modified_gmt":"2026-03-11T11:29:11","slug":"jovem-e-agredida-e-tem-casa-destruida-apos-discussao-com-companheiro","status":"publish","type":"post","link":"https:\/\/nordesteimprensa.com.br\/index.php\/2026\/03\/10\/jovem-e-agredida-e-tem-casa-destruida-apos-discussao-com-companheiro\/","title":{"rendered":"JOVEM \u00c9 AGREDIDA E TEM CASA DESTRU\u00cdDA AP\u00d3S DISCUSS\u00c3O COM COMPANHEIRO"},"content":{"rendered":"\n<p>Uma jovem foi agredida e teve parte da sua casa destru\u00edda ap\u00f3s uma discuss\u00e3o com seu companheiro no bairro Capucho, em Aracaju. O caso ocorreu no \u00faltimo domingo, 8.<\/p>\n\n\n\n<p>Segundo a Secretaria de Seguran\u00e7a P\u00fablica (SSP), a Pol\u00edcia Civil recebeu a den\u00fancia do caso de viol\u00eancia dom\u00e9stica ap\u00f3s a v\u00edtima registrar um boletim de ocorr\u00eancia, relatando ter sido agredida durante uma discuss\u00e3o em sua resid\u00eancia.<\/p>\n\n\n\n<p>Segundo os relatos da jovem, durante a briga, al\u00e9m das agress\u00f5es contra a v\u00edtima, o suspeito tamb\u00e9m teria danificado objetos e m\u00f3veis da sua casa, deixando parte do im\u00f3vel destru\u00eddo.&nbsp;<\/p>\n\n\n\n<p>Diante das informa\u00e7\u00f5es, o caso foi encaminhado ao Departamento de Atendimento a Grupos Vulner\u00e1veis (DAGV), que j\u00e1 iniciou os procedimentos investigativos para apura\u00e7\u00e3o dos fatos e ado\u00e7\u00e3o das medidas cab\u00edveis.<\/p>\n\n\n\n<p>Fonte: Infonet&nbsp;<\/p>\n","protected":false},"excerpt":{"rendered":"<p>Uma jovem foi agredida e teve parte da sua casa destru\u00edda ap\u00f3s uma discuss\u00e3o com seu companheiro no bairro Capucho, em Aracaju. O caso ocorreu no \u00faltimo domingo, 8. Segundo a Secretaria de Seguran\u00e7a P\u00fablica (SSP), a Pol\u00edcia Civil recebeu a den\u00fancia do caso de viol\u00eancia dom\u00e9stica ap\u00f3s a v\u00edtima registrar um boletim de ocorr\u00eancia, [&hellip;]<\/p>\n","protected":false},"author":6,"featured_media":9030,"comment_status":"open","ping_status":"open","sticky":false,"template":"","format":"standard","meta":{"footnotes":""},"categories":[10],"tags":[],"class_list":{"0":"post-9029","1":"post","2":"type-post","3":"status-publish","4":"format-standard","5":"has-post-thumbnail","7":"category-theme-features"},"_links":{"self":[{"href":"https:\/\/nordesteimprensa.com.br\/index.php\/wp-json\/wp\/v2\/posts\/9029","targetHints":{"allow":["GET"]}}],"collection":[{"href":"https:\/\/nordesteimprensa.com.br\/index.php\/wp-json\/wp\/v2\/posts"}],"about":[{"href":"https:\/\/nordesteimprensa.com.br\/index.php\/wp-json\/wp\/v2\/types\/post"}],"author":[{"embeddable":true,"href":"https:\/\/nordesteimprensa.com.br\/index.php\/wp-json\/wp\/v2\/users\/6"}],"replies":[{"embeddable":true,"href":"https:\/\/nordesteimprensa.com.br\/index.php\/wp-json\/wp\/v2\/comments?post=9029"}],"version-history":[{"count":1,"href":"https:\/\/nordesteimprensa.com.br\/index.php\/wp-json\/wp\/v2\/posts\/9029\/revisions"}],"predecessor-version":[{"id":9031,"href":"https:\/\/nordesteimprensa.com.br\/index.php\/wp-json\/wp\/v2\/posts\/9029\/revisions\/9031"}],"wp:featuredmedia":[{"embeddable":true,"href":"https:\/\/nordesteimprensa.com.br\/index.php\/wp-json\/wp\/v2\/media\/9030"}],"wp:attachment":[{"href":"https:\/\/nordesteimprensa.com.br\/index.php\/wp-json\/wp\/v2\/media?parent=9029"}],"wp:term":[{"taxonomy":"category","embeddable":true,"href":"https:\/\/nordesteimprensa.com.br\/index.php\/wp-json\/wp\/v2\/categories?post=9029"},{"taxonomy":"post_tag","embeddable":true,"href":"https:\/\/nordesteimprensa.com.br\/index.php\/wp-json\/wp\/v2\/tags?post=9029"}],"curies":[{"name":"wp","href":"https:\/\/api.w.org\/{rel}","templated":true}]}}