{"id":9033,"date":"2026-03-10T09:59:42","date_gmt":"2026-03-10T12:59:42","guid":{"rendered":"https:\/\/nordesteimprensa.com.br\/?p=9033"},"modified":"2026-03-11T08:28:47","modified_gmt":"2026-03-11T11:28:47","slug":"julgamento-dos-acusados-de-matar-o-delegado-marcelo-hercos-em-aracaju-e-adiado","status":"publish","type":"post","link":"https:\/\/nordesteimprensa.com.br\/index.php\/2026\/03\/10\/julgamento-dos-acusados-de-matar-o-delegado-marcelo-hercos-em-aracaju-e-adiado\/","title":{"rendered":"Julgamento dos acusados de matar o delegado Marcelo Hercos em Aracaju \u00e9 adiado"},"content":{"rendered":"\n<p>O julgamento dos tr\u00eas acusados de matar o delegado Marcelo Hercos, que estava marcado para esta ter\u00e7a-feira (10), no F\u00f3rum Gumercindo Bessa, em\u00a0Aracaju, foi adiado.\u00a0<\/p>\n\n\n\n<p>Segundo o f\u00f3rum, a advogada do r\u00e9u acusado de atirar em Marcelo Hercos apresentou um atestado m\u00e9dico, na noite da segunda-feira (9), para realiza\u00e7\u00e3o de um procedimento cir\u00fargico e, por isso, o julgamento precisou ser adiado. Ainda n\u00e3o h\u00e1 uma nova data confirmada.&nbsp;<\/p>\n\n\n\n<p>O delegado\u00a0morreu em 2021, quando tentou impedir a a\u00e7\u00e3o dos acusados\u00a0que, de acordo com o inqu\u00e9rito policial, tentavam repassar notas falsas na Zona de Expans\u00e3o de Aracaju.\u00a0Ele foi baleado, hospitalizado, mas n\u00e3o resistiu.\u00a0Todos os envolvidos est\u00e3o\u00a0presos em Sergipe.<\/p>\n\n\n\n<figure class=\"wp-block-image\"><img decoding=\"async\" src=\"https:\/\/s2-g1.glbimg.com\/jaZeF1zxgvguwgn_LIdmDgtetBk=\/0x0:620x465\/984x0\/smart\/filters:strip_icc()\/s.glbimg.com\/jo\/g1\/f\/original\/2015\/10\/15\/dsc_2152.jpg\" alt=\"Delegado Marcelo Hercos \u2014 Foto: Marina Fontenele\/G1\"\/><\/figure>\n\n\n\n<p>Delegado Marcelo Hercos \u2014 Foto: Marina Fontenele\/G1&nbsp;<\/p>\n\n\n\n<p>A vi\u00fava de Marcelo Hercos, Bartira Al\u00edcia, falou sobre a perda do marido, ap\u00f3s cerca de quatro anos da sua morte.&nbsp;<\/p>\n\n\n\n<blockquote class=\"wp-block-quote is-layout-flow wp-block-quote-is-layout-flow\">\n<p>\u201cMarcelo n\u00e3o foi assassinado sozinho. Levou consigo familiares, amigos, colegas de trabalho, pessoas da sociedade que acreditavam na sua idoneidade, no seu car\u00e1ter e na sua integridade [&#8230;] O autor atentou contra a Pol\u00edcia Civil do Estado de Sergipe, uma grande institui\u00e7\u00e3o, unida e muito respeitada. Muitos cora\u00e7\u00f5es sangraram, a perda \u00e9 sem precedentes\u201d, lamentou.<\/p>\n<\/blockquote>\n\n\n\n<figure class=\"wp-block-image\"><img decoding=\"async\" src=\"https:\/\/s2-g1.glbimg.com\/VZRtaSfyd08fBRjzVoNSM_3l81g=\/0x0:1280x960\/984x0\/smart\/filters:strip_icc()\/i.s3.glbimg.com\/v1\/AUTH_59edd422c0c84a879bd37670ae4f538a\/internal_photos\/bs\/2026\/k\/B\/xWFWIsRZGS4DmzyfOgCA\/whatsapp-image-2026-03-10-at-08.07.53.jpeg\" alt=\"Policiais aguardam julgamento dos acusados de matar Marcelo Hercos em Aracaju \u2014 Foto: Rafael Carvalho\/TV Sergipe\"\/><\/figure>\n\n\n\n<p>Policiais aguardam julgamento dos acusados de matar Marcelo Hercos em Aracaju \u2014 Foto: Rafael Carvalho\/TV Sergipe&nbsp;<\/p>\n\n\n\n<p>Policiais civis, municipais e rodovi\u00e1rios federais se reuniram no f\u00f3rum, nesta ter\u00e7a, para acompanhar o julgamento.&nbsp;<\/p>\n\n\n\n<p>Fonte: G1<\/p>\n","protected":false},"excerpt":{"rendered":"<p>O julgamento dos tr\u00eas acusados de matar o delegado Marcelo Hercos, que estava marcado para esta ter\u00e7a-feira (10), no F\u00f3rum Gumercindo Bessa, em\u00a0Aracaju, foi adiado.\u00a0 Segundo o f\u00f3rum, a advogada do r\u00e9u acusado de atirar em Marcelo Hercos apresentou um atestado m\u00e9dico, na noite da segunda-feira (9), para realiza\u00e7\u00e3o de um procedimento cir\u00fargico e, por [&hellip;]<\/p>\n","protected":false},"author":6,"featured_media":9034,"comment_status":"open","ping_status":"open","sticky":false,"template":"","format":"standard","meta":{"footnotes":""},"categories":[10],"tags":[],"class_list":{"0":"post-9033","1":"post","2":"type-post","3":"status-publish","4":"format-standard","5":"has-post-thumbnail","7":"category-theme-features"},"_links":{"self":[{"href":"https:\/\/nordesteimprensa.com.br\/index.php\/wp-json\/wp\/v2\/posts\/9033","targetHints":{"allow":["GET"]}}],"collection":[{"href":"https:\/\/nordesteimprensa.com.br\/index.php\/wp-json\/wp\/v2\/posts"}],"about":[{"href":"https:\/\/nordesteimprensa.com.br\/index.php\/wp-json\/wp\/v2\/types\/post"}],"author":[{"embeddable":true,"href":"https:\/\/nordesteimprensa.com.br\/index.php\/wp-json\/wp\/v2\/users\/6"}],"replies":[{"embeddable":true,"href":"https:\/\/nordesteimprensa.com.br\/index.php\/wp-json\/wp\/v2\/comments?post=9033"}],"version-history":[{"count":1,"href":"https:\/\/nordesteimprensa.com.br\/index.php\/wp-json\/wp\/v2\/posts\/9033\/revisions"}],"predecessor-version":[{"id":9035,"href":"https:\/\/nordesteimprensa.com.br\/index.php\/wp-json\/wp\/v2\/posts\/9033\/revisions\/9035"}],"wp:featuredmedia":[{"embeddable":true,"href":"https:\/\/nordesteimprensa.com.br\/index.php\/wp-json\/wp\/v2\/media\/9034"}],"wp:attachment":[{"href":"https:\/\/nordesteimprensa.com.br\/index.php\/wp-json\/wp\/v2\/media?parent=9033"}],"wp:term":[{"taxonomy":"category","embeddable":true,"href":"https:\/\/nordesteimprensa.com.br\/index.php\/wp-json\/wp\/v2\/categories?post=9033"},{"taxonomy":"post_tag","embeddable":true,"href":"https:\/\/nordesteimprensa.com.br\/index.php\/wp-json\/wp\/v2\/tags?post=9033"}],"curies":[{"name":"wp","href":"https:\/\/api.w.org\/{rel}","templated":true}]}}