{"id":9045,"date":"2026-03-11T10:52:39","date_gmt":"2026-03-11T13:52:39","guid":{"rendered":"https:\/\/nordesteimprensa.com.br\/?p=9045"},"modified":"2026-03-11T10:52:40","modified_gmt":"2026-03-11T13:52:40","slug":"principio-de-incendio-atinge-predio-da-secretaria-da-fazenda-de-aracaju","status":"publish","type":"post","link":"https:\/\/nordesteimprensa.com.br\/index.php\/2026\/03\/11\/principio-de-incendio-atinge-predio-da-secretaria-da-fazenda-de-aracaju\/","title":{"rendered":"Princ\u00edpio de inc\u00eandio atinge pr\u00e9dio da Secretaria da Fazenda de Aracaju"},"content":{"rendered":"\n<p>Um princ\u00edpio de inc\u00eandio foi registrado no in\u00edcio da manh\u00e3 desta quarta-feira, 11, no pr\u00e9dio da Secretaria Municipal da Fazenda (Semfaz), em Aracaju, ap\u00f3s uma queda de energia nas depend\u00eancias do \u00f3rg\u00e3o.<\/p>\n\n\n\n<p>De acordo com a Semfaz, o Corpo de Bombeiros foi acionado imediatamente e atua no local para controlar a situa\u00e7\u00e3o. Equipes da Superintend\u00eancia Municipal de Transportes e Tr\u00e2nsito (SMTT) tamb\u00e9m foram mobilizadas para organizar o tr\u00e1fego no entorno do pr\u00e9dio e garantir a seguran\u00e7a da popula\u00e7\u00e3o.<\/p>\n\n\n\n<p>Ainda segundo a secretaria, a ocorr\u00eancia foi de pequenas propor\u00e7\u00f5es e est\u00e1 sendo controlada pelas equipes respons\u00e1veis. Como medida preventiva, o expediente desta quarta-feira foi suspenso.<\/p>\n\n\n\n<p>Fonte: Infonet<\/p>\n","protected":false},"excerpt":{"rendered":"<p>Um princ\u00edpio de inc\u00eandio foi registrado no in\u00edcio da manh\u00e3 desta quarta-feira, 11, no pr\u00e9dio da Secretaria Municipal da Fazenda (Semfaz), em Aracaju, ap\u00f3s uma queda de energia nas depend\u00eancias do \u00f3rg\u00e3o. De acordo com a Semfaz, o Corpo de Bombeiros foi acionado imediatamente e atua no local para controlar a situa\u00e7\u00e3o. Equipes da Superintend\u00eancia [&hellip;]<\/p>\n","protected":false},"author":6,"featured_media":9046,"comment_status":"open","ping_status":"open","sticky":false,"template":"","format":"standard","meta":{"footnotes":""},"categories":[10],"tags":[],"class_list":{"0":"post-9045","1":"post","2":"type-post","3":"status-publish","4":"format-standard","5":"has-post-thumbnail","7":"category-theme-features"},"_links":{"self":[{"href":"https:\/\/nordesteimprensa.com.br\/index.php\/wp-json\/wp\/v2\/posts\/9045","targetHints":{"allow":["GET"]}}],"collection":[{"href":"https:\/\/nordesteimprensa.com.br\/index.php\/wp-json\/wp\/v2\/posts"}],"about":[{"href":"https:\/\/nordesteimprensa.com.br\/index.php\/wp-json\/wp\/v2\/types\/post"}],"author":[{"embeddable":true,"href":"https:\/\/nordesteimprensa.com.br\/index.php\/wp-json\/wp\/v2\/users\/6"}],"replies":[{"embeddable":true,"href":"https:\/\/nordesteimprensa.com.br\/index.php\/wp-json\/wp\/v2\/comments?post=9045"}],"version-history":[{"count":1,"href":"https:\/\/nordesteimprensa.com.br\/index.php\/wp-json\/wp\/v2\/posts\/9045\/revisions"}],"predecessor-version":[{"id":9047,"href":"https:\/\/nordesteimprensa.com.br\/index.php\/wp-json\/wp\/v2\/posts\/9045\/revisions\/9047"}],"wp:featuredmedia":[{"embeddable":true,"href":"https:\/\/nordesteimprensa.com.br\/index.php\/wp-json\/wp\/v2\/media\/9046"}],"wp:attachment":[{"href":"https:\/\/nordesteimprensa.com.br\/index.php\/wp-json\/wp\/v2\/media?parent=9045"}],"wp:term":[{"taxonomy":"category","embeddable":true,"href":"https:\/\/nordesteimprensa.com.br\/index.php\/wp-json\/wp\/v2\/categories?post=9045"},{"taxonomy":"post_tag","embeddable":true,"href":"https:\/\/nordesteimprensa.com.br\/index.php\/wp-json\/wp\/v2\/tags?post=9045"}],"curies":[{"name":"wp","href":"https:\/\/api.w.org\/{rel}","templated":true}]}}