{"id":9051,"date":"2026-03-12T13:43:00","date_gmt":"2026-03-12T16:43:00","guid":{"rendered":"https:\/\/nordesteimprensa.com.br\/?p=9051"},"modified":"2026-03-12T13:43:00","modified_gmt":"2026-03-12T16:43:00","slug":"suspeito-de-atacar-mulher-com-garrafa-apos-levar-um-fora-e-preso-em-aracaju","status":"publish","type":"post","link":"https:\/\/nordesteimprensa.com.br\/index.php\/2026\/03\/12\/suspeito-de-atacar-mulher-com-garrafa-apos-levar-um-fora-e-preso-em-aracaju\/","title":{"rendered":"Suspeito de atacar mulher com garrafa ap\u00f3s &#8216;levar um fora&#8217; \u00e9 preso em Aracaju"},"content":{"rendered":"\n<p>Um homem investigado por tentativa de homic\u00eddio contra uma mulher foi preso na manh\u00e3 desta quinta-feira (12) em Aracaju, durante o cumprimento de um mandado de pris\u00e3o expedido pela 8\u00aa Vara Criminal de Aracaju.<\/p>\n\n\n\n<p>O crime ocorreu na noite de 4 de dezembro de 2025, em um bar da capital. Segundo as investiga\u00e7\u00f5es da 2\u00aa Delegacia Metropolitana, o suspeito atacou a v\u00edtima ap\u00f3s ter sua tentativa de aproxima\u00e7\u00e3o rejeitada. A mulher estava acompanhada de uma amiga quando o agressor pegou uma garrafa de vidro e desferiu golpes contra sua cabe\u00e7a.<\/p>\n\n\n\n<p>Imagens obtidas pela pol\u00edcia mostram o momento em que ele se arma com a garrafa e ataca a v\u00edtima. Apesar da gravidade, a mulher sobreviveu e registrou o caso na delegacia.<\/p>\n\n\n\n<p>A investiga\u00e7\u00e3o foi conduzida em aten\u00e7\u00e3o \u00e0 determina\u00e7\u00e3o do secret\u00e1rio da Seguran\u00e7a P\u00fablica, Jo\u00e3o Eloy, de intensificar a apura\u00e7\u00e3o de casos de viol\u00eancia contra a mulher e responsabilizar os autores. Com base nos elementos reunidos, a 2\u00aa Delegacia Metropolitana solicitou a pris\u00e3o do suspeito, que foi cumprida nesta quinta-feira.<\/p>\n\n\n\n<p>Ap\u00f3s a deten\u00e7\u00e3o, ele foi encaminhado \u00e0 unidade policial para os procedimentos legais e permanece \u00e0 disposi\u00e7\u00e3o da Justi\u00e7a.<\/p>\n\n\n\n<p>Fonte: Portal itnet<\/p>\n\n\n\n<p><\/p>\n\n\n\n<p><\/p>\n","protected":false},"excerpt":{"rendered":"<p>Um homem investigado por tentativa de homic\u00eddio contra uma mulher foi preso na manh\u00e3 desta quinta-feira (12) em Aracaju, durante o cumprimento de um mandado de pris\u00e3o expedido pela 8\u00aa Vara Criminal de Aracaju. O crime ocorreu na noite de 4 de dezembro de 2025, em um bar da capital. Segundo as investiga\u00e7\u00f5es da 2\u00aa [&hellip;]<\/p>\n","protected":false},"author":6,"featured_media":9052,"comment_status":"open","ping_status":"open","sticky":false,"template":"","format":"standard","meta":{"footnotes":""},"categories":[10],"tags":[],"class_list":{"0":"post-9051","1":"post","2":"type-post","3":"status-publish","4":"format-standard","5":"has-post-thumbnail","7":"category-theme-features"},"_links":{"self":[{"href":"https:\/\/nordesteimprensa.com.br\/index.php\/wp-json\/wp\/v2\/posts\/9051","targetHints":{"allow":["GET"]}}],"collection":[{"href":"https:\/\/nordesteimprensa.com.br\/index.php\/wp-json\/wp\/v2\/posts"}],"about":[{"href":"https:\/\/nordesteimprensa.com.br\/index.php\/wp-json\/wp\/v2\/types\/post"}],"author":[{"embeddable":true,"href":"https:\/\/nordesteimprensa.com.br\/index.php\/wp-json\/wp\/v2\/users\/6"}],"replies":[{"embeddable":true,"href":"https:\/\/nordesteimprensa.com.br\/index.php\/wp-json\/wp\/v2\/comments?post=9051"}],"version-history":[{"count":1,"href":"https:\/\/nordesteimprensa.com.br\/index.php\/wp-json\/wp\/v2\/posts\/9051\/revisions"}],"predecessor-version":[{"id":9053,"href":"https:\/\/nordesteimprensa.com.br\/index.php\/wp-json\/wp\/v2\/posts\/9051\/revisions\/9053"}],"wp:featuredmedia":[{"embeddable":true,"href":"https:\/\/nordesteimprensa.com.br\/index.php\/wp-json\/wp\/v2\/media\/9052"}],"wp:attachment":[{"href":"https:\/\/nordesteimprensa.com.br\/index.php\/wp-json\/wp\/v2\/media?parent=9051"}],"wp:term":[{"taxonomy":"category","embeddable":true,"href":"https:\/\/nordesteimprensa.com.br\/index.php\/wp-json\/wp\/v2\/categories?post=9051"},{"taxonomy":"post_tag","embeddable":true,"href":"https:\/\/nordesteimprensa.com.br\/index.php\/wp-json\/wp\/v2\/tags?post=9051"}],"curies":[{"name":"wp","href":"https:\/\/api.w.org\/{rel}","templated":true}]}}