{"id":9054,"date":"2026-03-13T09:58:58","date_gmt":"2026-03-13T12:58:58","guid":{"rendered":"https:\/\/nordesteimprensa.com.br\/?p=9054"},"modified":"2026-03-13T09:58:59","modified_gmt":"2026-03-13T12:58:59","slug":"suspeito-e-preso-por-tentativa-de-homicidio-apos-quebrar-garrafa-de-vidro-na-cabeca-da-vitima-em-aracaju","status":"publish","type":"post","link":"https:\/\/nordesteimprensa.com.br\/index.php\/2026\/03\/13\/suspeito-e-preso-por-tentativa-de-homicidio-apos-quebrar-garrafa-de-vidro-na-cabeca-da-vitima-em-aracaju\/","title":{"rendered":"SUSPEITO \u00c9 PRESO POR TENTATIVA DE HOMIC\u00cdDIO AP\u00d3S QUEBRAR GARRAFA DE VIDRO NA CABE\u00c7A DA V\u00cdTIMA EM ARACAJU"},"content":{"rendered":"\n<p>Um homem foi preso, nesta quinta-feira (12), investigado por uma tentativa de homic\u00eddio contra uma mulher em um bar localizado em&nbsp;<a class=\"\" href=\"https:\/\/g1.globo.com\/se\/sergipe\/cidade\/aracaju\/\">Aracaju<\/a>. O crime ocorreu na noite de 4 de dezembro de 2025 e, segundo a Pol\u00edcia Civil, foi motivado ap\u00f3s o suspeito n\u00e3o ter sua tentativa de aproxima\u00e7\u00e3o afetiva correspondida pela v\u00edtima.&nbsp;<\/p>\n\n\n\n<p>De acordo com a investiga\u00e7\u00e3o, a v\u00edtima estava no estabelecimento acompanhada de uma amiga quando o investigado tentou iniciar uma intera\u00e7\u00e3o. Diante da recusa, ele reagiu de forma violenta e atacou a mulher utilizando uma garrafa de vidro, desferindo um golpe contra a cabe\u00e7a da v\u00edtima, chegando a quebrar o material.&nbsp;<\/p>\n\n\n\n<p>Ainda segundo a Pol\u00edcia Civil, apesar da gravidade da agress\u00e3o, a v\u00edtima conseguiu sair da situa\u00e7\u00e3o e procurar uma delegacia para registrar o boletim de ocorr\u00eancia.<\/p>\n\n\n\n<p>Fonte: G1<\/p>\n","protected":false},"excerpt":{"rendered":"<p>Um homem foi preso, nesta quinta-feira (12), investigado por uma tentativa de homic\u00eddio contra uma mulher em um bar localizado em&nbsp;Aracaju. O crime ocorreu na noite de 4 de dezembro de 2025 e, segundo a Pol\u00edcia Civil, foi motivado ap\u00f3s o suspeito n\u00e3o ter sua tentativa de aproxima\u00e7\u00e3o afetiva correspondida pela v\u00edtima.&nbsp; De acordo com [&hellip;]<\/p>\n","protected":false},"author":6,"featured_media":9055,"comment_status":"open","ping_status":"open","sticky":false,"template":"","format":"standard","meta":{"footnotes":""},"categories":[10],"tags":[],"class_list":{"0":"post-9054","1":"post","2":"type-post","3":"status-publish","4":"format-standard","5":"has-post-thumbnail","7":"category-theme-features"},"_links":{"self":[{"href":"https:\/\/nordesteimprensa.com.br\/index.php\/wp-json\/wp\/v2\/posts\/9054","targetHints":{"allow":["GET"]}}],"collection":[{"href":"https:\/\/nordesteimprensa.com.br\/index.php\/wp-json\/wp\/v2\/posts"}],"about":[{"href":"https:\/\/nordesteimprensa.com.br\/index.php\/wp-json\/wp\/v2\/types\/post"}],"author":[{"embeddable":true,"href":"https:\/\/nordesteimprensa.com.br\/index.php\/wp-json\/wp\/v2\/users\/6"}],"replies":[{"embeddable":true,"href":"https:\/\/nordesteimprensa.com.br\/index.php\/wp-json\/wp\/v2\/comments?post=9054"}],"version-history":[{"count":1,"href":"https:\/\/nordesteimprensa.com.br\/index.php\/wp-json\/wp\/v2\/posts\/9054\/revisions"}],"predecessor-version":[{"id":9056,"href":"https:\/\/nordesteimprensa.com.br\/index.php\/wp-json\/wp\/v2\/posts\/9054\/revisions\/9056"}],"wp:featuredmedia":[{"embeddable":true,"href":"https:\/\/nordesteimprensa.com.br\/index.php\/wp-json\/wp\/v2\/media\/9055"}],"wp:attachment":[{"href":"https:\/\/nordesteimprensa.com.br\/index.php\/wp-json\/wp\/v2\/media?parent=9054"}],"wp:term":[{"taxonomy":"category","embeddable":true,"href":"https:\/\/nordesteimprensa.com.br\/index.php\/wp-json\/wp\/v2\/categories?post=9054"},{"taxonomy":"post_tag","embeddable":true,"href":"https:\/\/nordesteimprensa.com.br\/index.php\/wp-json\/wp\/v2\/tags?post=9054"}],"curies":[{"name":"wp","href":"https:\/\/api.w.org\/{rel}","templated":true}]}}