{"id":9057,"date":"2026-04-13T10:01:41","date_gmt":"2026-04-13T13:01:41","guid":{"rendered":"https:\/\/nordesteimprensa.com.br\/?p=9057"},"modified":"2026-04-14T15:43:56","modified_gmt":"2026-04-14T18:43:56","slug":"mulher-fica-ferida-apos-carro-colidir-contra-arvore-em-aracaju","status":"publish","type":"post","link":"https:\/\/nordesteimprensa.com.br\/index.php\/2026\/04\/13\/mulher-fica-ferida-apos-carro-colidir-contra-arvore-em-aracaju\/","title":{"rendered":"Mulher fica ferida ap\u00f3s carro colidir contra \u00e1rvore em Aracaju"},"content":{"rendered":"\n<p>Uma mulher ficou ferida ap\u00f3s um carro colidir contra uma \u00e1rvore na manh\u00e3 desta quinta-feira (12), na Avenida \u00c1lvaro Maciel, no bairro Santo Ant\u00f4nio, em Aracaju (SE).<\/p>\n\n\n\n<p>De acordo com o Corpo de Bombeiros Militar de Sergipe, a ocorr\u00eancia foi registrada por volta das 9h30. No local, um ve\u00edculo de passeio havia colidido contra uma \u00e1rvore ap\u00f3s o condutor perder o controle do autom\u00f3vel ao tentar desviar de outro ve\u00edculo que realizava uma manobra de retorno na via.<\/p>\n\n\n\n<p>Segundo os bombeiros, uma passageira que estava no carro n\u00e3o ficou presa \u00e0s ferragens, mas n\u00e3o conseguia sair do ve\u00edculo devido \u00e0 deforma\u00e7\u00e3o da porta causada pelo impacto. A v\u00edtima tamb\u00e9m relatava dores na regi\u00e3o da coluna.<\/p>\n\n\n\n<p>Para realizar o resgate, as equipes utilizaram equipamento de desencarceramento para abrir a porta do passageiro e garantir o acesso seguro \u00e0 mulher.<\/p>\n\n\n\n<p>Ap\u00f3s a retirada do ve\u00edculo, a v\u00edtima foi imobilizada em prancha r\u00edgida pela equipe do Servi\u00e7o de Atendimento M\u00f3vel de Urg\u00eancia, com apoio dos bombeiros, e encaminhada a uma unidade hospitalar para avalia\u00e7\u00e3o m\u00e9dica.<\/p>\n\n\n\n<p>O Corpo de Bombeiros Militar de Sergipe informou que a v\u00edtima estava consciente no momento do atendimento. As circunst\u00e2ncias do acidente n\u00e3o foram detalhadas.<\/p>\n\n\n\n<p>Fonte: F5news<\/p>\n","protected":false},"excerpt":{"rendered":"<p>Uma mulher ficou ferida ap\u00f3s um carro colidir contra uma \u00e1rvore na manh\u00e3 desta quinta-feira (12), na Avenida \u00c1lvaro Maciel, no bairro Santo Ant\u00f4nio, em Aracaju (SE). De acordo com o Corpo de Bombeiros Militar de Sergipe, a ocorr\u00eancia foi registrada por volta das 9h30. No local, um ve\u00edculo de passeio havia colidido contra uma [&hellip;]<\/p>\n","protected":false},"author":6,"featured_media":9058,"comment_status":"open","ping_status":"open","sticky":false,"template":"","format":"standard","meta":{"footnotes":""},"categories":[10],"tags":[],"class_list":{"0":"post-9057","1":"post","2":"type-post","3":"status-publish","4":"format-standard","5":"has-post-thumbnail","7":"category-theme-features"},"_links":{"self":[{"href":"https:\/\/nordesteimprensa.com.br\/index.php\/wp-json\/wp\/v2\/posts\/9057","targetHints":{"allow":["GET"]}}],"collection":[{"href":"https:\/\/nordesteimprensa.com.br\/index.php\/wp-json\/wp\/v2\/posts"}],"about":[{"href":"https:\/\/nordesteimprensa.com.br\/index.php\/wp-json\/wp\/v2\/types\/post"}],"author":[{"embeddable":true,"href":"https:\/\/nordesteimprensa.com.br\/index.php\/wp-json\/wp\/v2\/users\/6"}],"replies":[{"embeddable":true,"href":"https:\/\/nordesteimprensa.com.br\/index.php\/wp-json\/wp\/v2\/comments?post=9057"}],"version-history":[{"count":1,"href":"https:\/\/nordesteimprensa.com.br\/index.php\/wp-json\/wp\/v2\/posts\/9057\/revisions"}],"predecessor-version":[{"id":9059,"href":"https:\/\/nordesteimprensa.com.br\/index.php\/wp-json\/wp\/v2\/posts\/9057\/revisions\/9059"}],"wp:featuredmedia":[{"embeddable":true,"href":"https:\/\/nordesteimprensa.com.br\/index.php\/wp-json\/wp\/v2\/media\/9058"}],"wp:attachment":[{"href":"https:\/\/nordesteimprensa.com.br\/index.php\/wp-json\/wp\/v2\/media?parent=9057"}],"wp:term":[{"taxonomy":"category","embeddable":true,"href":"https:\/\/nordesteimprensa.com.br\/index.php\/wp-json\/wp\/v2\/categories?post=9057"},{"taxonomy":"post_tag","embeddable":true,"href":"https:\/\/nordesteimprensa.com.br\/index.php\/wp-json\/wp\/v2\/tags?post=9057"}],"curies":[{"name":"wp","href":"https:\/\/api.w.org\/{rel}","templated":true}]}}