{"id":9065,"date":"2026-03-16T10:03:38","date_gmt":"2026-03-16T13:03:38","guid":{"rendered":"https:\/\/nordesteimprensa.com.br\/?p=9065"},"modified":"2026-04-14T15:42:51","modified_gmt":"2026-04-14T18:42:51","slug":"adolescente-vitima-de-estupro-aciona-a-guarda-municipal-de-lagarto","status":"publish","type":"post","link":"https:\/\/nordesteimprensa.com.br\/index.php\/2026\/03\/16\/adolescente-vitima-de-estupro-aciona-a-guarda-municipal-de-lagarto\/","title":{"rendered":"Adolescente v\u00edtima de estupro aciona a Guarda Municipal de Lagarto"},"content":{"rendered":"\n<p>Na tarde do \u00faltimo domingo, 15, a Guarda Municipal de Lagarto (GML) divulgou a informa\u00e7\u00e3o de que a equipe de plant\u00e3o realizava policiamento ostensivo na regi\u00e3o central da cidade, na quarta-feira, 11, quando foi acionada por dois jovens que procuravam ajuda. Um deles, adolescente de 14 anos, afirmou que havia sido v\u00edtima de estupro por um suspeito que era seu concunhado e a amea\u00e7ou utilizando uma faca e em seguida empreendido fuga.<\/p>\n\n\n\n<p>A equipe realizou o acolhimento da v\u00edtima, encaminhando-a \u00e0 delegacia plantonista e a atendimento m\u00e9dico, al\u00e9m de acionar o Conselho Tutelar, com base nas informa\u00e7\u00f5es do suspeito e do ve\u00edculo que ele estava foram realizadas buscas, mas sem \u00eaxito em localiz\u00e1-lo.<\/p>\n\n\n\n<p>Com a informa\u00e7\u00e3o que o acusado havia fugido para Bahia, nossos guardi\u00f5es entraram em contato com a PM BA e Guardas Municipais de munic\u00edpios Bahianos, gra\u00e7as a integra\u00e7\u00e3o o acusado foi preso por uma equipe da PM BA e encontra-se a disposi\u00e7\u00e3o da justi\u00e7a.<\/p>\n\n\n\n<p>Cr\u00e9ditos: Lagartense.com.br<\/p>\n","protected":false},"excerpt":{"rendered":"<p>Na tarde do \u00faltimo domingo, 15, a Guarda Municipal de Lagarto (GML) divulgou a informa\u00e7\u00e3o de que a equipe de plant\u00e3o realizava policiamento ostensivo na regi\u00e3o central da cidade, na quarta-feira, 11, quando foi acionada por dois jovens que procuravam ajuda. Um deles, adolescente de 14 anos, afirmou que havia sido v\u00edtima de estupro por [&hellip;]<\/p>\n","protected":false},"author":6,"featured_media":9066,"comment_status":"open","ping_status":"open","sticky":false,"template":"","format":"standard","meta":{"footnotes":""},"categories":[10],"tags":[],"class_list":{"0":"post-9065","1":"post","2":"type-post","3":"status-publish","4":"format-standard","5":"has-post-thumbnail","7":"category-theme-features"},"_links":{"self":[{"href":"https:\/\/nordesteimprensa.com.br\/index.php\/wp-json\/wp\/v2\/posts\/9065","targetHints":{"allow":["GET"]}}],"collection":[{"href":"https:\/\/nordesteimprensa.com.br\/index.php\/wp-json\/wp\/v2\/posts"}],"about":[{"href":"https:\/\/nordesteimprensa.com.br\/index.php\/wp-json\/wp\/v2\/types\/post"}],"author":[{"embeddable":true,"href":"https:\/\/nordesteimprensa.com.br\/index.php\/wp-json\/wp\/v2\/users\/6"}],"replies":[{"embeddable":true,"href":"https:\/\/nordesteimprensa.com.br\/index.php\/wp-json\/wp\/v2\/comments?post=9065"}],"version-history":[{"count":1,"href":"https:\/\/nordesteimprensa.com.br\/index.php\/wp-json\/wp\/v2\/posts\/9065\/revisions"}],"predecessor-version":[{"id":9067,"href":"https:\/\/nordesteimprensa.com.br\/index.php\/wp-json\/wp\/v2\/posts\/9065\/revisions\/9067"}],"wp:featuredmedia":[{"embeddable":true,"href":"https:\/\/nordesteimprensa.com.br\/index.php\/wp-json\/wp\/v2\/media\/9066"}],"wp:attachment":[{"href":"https:\/\/nordesteimprensa.com.br\/index.php\/wp-json\/wp\/v2\/media?parent=9065"}],"wp:term":[{"taxonomy":"category","embeddable":true,"href":"https:\/\/nordesteimprensa.com.br\/index.php\/wp-json\/wp\/v2\/categories?post=9065"},{"taxonomy":"post_tag","embeddable":true,"href":"https:\/\/nordesteimprensa.com.br\/index.php\/wp-json\/wp\/v2\/tags?post=9065"}],"curies":[{"name":"wp","href":"https:\/\/api.w.org\/{rel}","templated":true}]}}