{"id":9274,"date":"2026-04-25T10:08:33","date_gmt":"2026-04-25T13:08:33","guid":{"rendered":"https:\/\/nordesteimprensa.com.br\/?p=9274"},"modified":"2026-04-25T10:08:34","modified_gmt":"2026-04-25T13:08:34","slug":"colisao-entre-tres-veiculos-deixa-feridos-em-cruzamento-de-aracaju","status":"publish","type":"post","link":"https:\/\/nordesteimprensa.com.br\/index.php\/2026\/04\/25\/colisao-entre-tres-veiculos-deixa-feridos-em-cruzamento-de-aracaju\/","title":{"rendered":"Colis\u00e3o entre tr\u00eas ve\u00edculos deixa feridos em cruzamento de Aracaju"},"content":{"rendered":"\n<p>Na tarde desta sexta-feira (24), uma colis\u00e3o envolvendo tr\u00eas ve\u00edculos no cruzamento das ruas Siriri e Itaporanga, no Cenro de Aracaju (SE), deixou seis pessoas feridas e mobilizou equipes de resgate do Corpo de Bombeiros Militar de Sergipe (CBMSE). Duas v\u00edtimas precisaram ser encaminhadas para unidades hospitalares, enquanto as demais foram atendidas no local.<\/p>\n\n\n\n<p>De acordo com o CBMSE, a ocorr\u00eancia foi atendida por equipes ap\u00f3s acionamento para o acidente de tr\u00e2nsito registrado na regi\u00e3o. Informa\u00e7\u00f5es de populares indicam que a colis\u00e3o ocorreu depois que um dos ve\u00edculos invadiu o cruzamento.<\/p>\n\n\n\n<p>Ao chegar ao local, a guarni\u00e7\u00e3o realizou o atendimento pr\u00e9-hospitalar \u00e0s v\u00edtimas. Quatro pessoas foram avaliadas e n\u00e3o apresentaram necessidade de encaminhamento hospitalar. As outras duas foram socorridas, sendo uma pela Unidade de Resgate UR-15 do Corpo de Bombeiros e outra por equipe do Servi\u00e7o de Atendimento M\u00f3vel de Urg\u00eancia (Samu).<\/p>\n\n\n\n<p>Al\u00e9m do socorro \u00e0s v\u00edtimas, os bombeiros atuaram no gerenciamento da cena, adotando medidas para garantir a seguran\u00e7a da \u00e1rea durante a ocorr\u00eancia.<\/p>\n\n\n\n<p>A opera\u00e7\u00e3o contou com a coordena\u00e7\u00e3o de militares do 1\u00ba GBM e apoio de outros integrantes da corpora\u00e7\u00e3o. O Corpo de Bombeiros refor\u00e7a que, em situa\u00e7\u00f5es de emerg\u00eancia, o atendimento pode ser acionado pelo telefone 193.<\/p>\n\n\n\n<p>Fonte: F5news<\/p>\n","protected":false},"excerpt":{"rendered":"<p>Na tarde desta sexta-feira (24), uma colis\u00e3o envolvendo tr\u00eas ve\u00edculos no cruzamento das ruas Siriri e Itaporanga, no Cenro de Aracaju (SE), deixou seis pessoas feridas e mobilizou equipes de resgate do Corpo de Bombeiros Militar de Sergipe (CBMSE). Duas v\u00edtimas precisaram ser encaminhadas para unidades hospitalares, enquanto as demais foram atendidas no local. De [&hellip;]<\/p>\n","protected":false},"author":6,"featured_media":9275,"comment_status":"open","ping_status":"open","sticky":false,"template":"","format":"standard","meta":{"footnotes":""},"categories":[10],"tags":[],"class_list":{"0":"post-9274","1":"post","2":"type-post","3":"status-publish","4":"format-standard","5":"has-post-thumbnail","7":"category-theme-features"},"_links":{"self":[{"href":"https:\/\/nordesteimprensa.com.br\/index.php\/wp-json\/wp\/v2\/posts\/9274","targetHints":{"allow":["GET"]}}],"collection":[{"href":"https:\/\/nordesteimprensa.com.br\/index.php\/wp-json\/wp\/v2\/posts"}],"about":[{"href":"https:\/\/nordesteimprensa.com.br\/index.php\/wp-json\/wp\/v2\/types\/post"}],"author":[{"embeddable":true,"href":"https:\/\/nordesteimprensa.com.br\/index.php\/wp-json\/wp\/v2\/users\/6"}],"replies":[{"embeddable":true,"href":"https:\/\/nordesteimprensa.com.br\/index.php\/wp-json\/wp\/v2\/comments?post=9274"}],"version-history":[{"count":1,"href":"https:\/\/nordesteimprensa.com.br\/index.php\/wp-json\/wp\/v2\/posts\/9274\/revisions"}],"predecessor-version":[{"id":9276,"href":"https:\/\/nordesteimprensa.com.br\/index.php\/wp-json\/wp\/v2\/posts\/9274\/revisions\/9276"}],"wp:featuredmedia":[{"embeddable":true,"href":"https:\/\/nordesteimprensa.com.br\/index.php\/wp-json\/wp\/v2\/media\/9275"}],"wp:attachment":[{"href":"https:\/\/nordesteimprensa.com.br\/index.php\/wp-json\/wp\/v2\/media?parent=9274"}],"wp:term":[{"taxonomy":"category","embeddable":true,"href":"https:\/\/nordesteimprensa.com.br\/index.php\/wp-json\/wp\/v2\/categories?post=9274"},{"taxonomy":"post_tag","embeddable":true,"href":"https:\/\/nordesteimprensa.com.br\/index.php\/wp-json\/wp\/v2\/tags?post=9274"}],"curies":[{"name":"wp","href":"https:\/\/api.w.org\/{rel}","templated":true}]}}