{"id":9278,"date":"2026-04-27T11:17:50","date_gmt":"2026-04-27T14:17:50","guid":{"rendered":"https:\/\/nordesteimprensa.com.br\/?p=9278"},"modified":"2026-04-27T11:17:50","modified_gmt":"2026-04-27T14:17:50","slug":"mulher-e-presa-e-comparsa-foge-durante-operacao-contra-o-trafico-em-neopolis","status":"publish","type":"post","link":"https:\/\/nordesteimprensa.com.br\/index.php\/2026\/04\/27\/mulher-e-presa-e-comparsa-foge-durante-operacao-contra-o-trafico-em-neopolis\/","title":{"rendered":"Mulher \u00e9 presa e comparsa foge durante opera\u00e7\u00e3o contra o tr\u00e1fico em Ne\u00f3polis"},"content":{"rendered":"\n<p>Uma opera\u00e7\u00e3o policial desarticulou um ponto de tr\u00e1fico de drogas no Centro de Ne\u00f3polis e resultou na pris\u00e3o em flagrante de uma mulher. A a\u00e7\u00e3o foi divulgada neste s\u00e1bado (25) e contou com a atua\u00e7\u00e3o da Delegacia Regional do munic\u00edpio, com apoio da Pol\u00edcia Militar.<\/p>\n\n\n\n<p>O caso foi registrado na \u00e1rea conhecida como \u201cRua da Entrada\u201d, onde os agentes encontraram a suspeita com entorpecentes j\u00e1 fracionados para venda. No local, tamb\u00e9m foram apreendidos materiais associados \u00e0 atividade criminosa, como balan\u00e7a de precis\u00e3o, embalagens pl\u00e1sticas e dinheiro em esp\u00e9cie. Um homem que estava no im\u00f3vel conseguiu fugir durante a abordagem.<\/p>\n\n\n\n<p>De acordo com a pol\u00edcia, os elementos recolhidos confirmaram a pr\u00e1tica do crime e a participa\u00e7\u00e3o da investigada. Ela foi levada \u00e0 delegacia, autuada por tr\u00e1fico de drogas, conforme o artigo 33 da Lei n\u00ba 11.343\/2006. Ap\u00f3s audi\u00eancia de cust\u00f3dia, a pris\u00e3o em flagrante foi convertida em preventiva, considerando a gravidade da conduta e a necessidade de manter a ordem p\u00fablica.<\/p>\n\n\n\n<p>Durante as dilig\u00eancias, os policiais identificaram que a mulher atuava em conjunto com o companheiro na comercializa\u00e7\u00e3o dos entorpecentes. O suspeito, que fugiu no momento da a\u00e7\u00e3o, teve a pris\u00e3o preventiva decretada pela Justi\u00e7a, diante dos ind\u00edcios de envolvimento no esquema.<\/p>\n\n\n\n<p>As investiga\u00e7\u00f5es continuam para identificar outros poss\u00edveis participantes e aprofundar o mapeamento da rede de tr\u00e1fico na regi\u00e3o. A Pol\u00edcia Civil destaca que a popula\u00e7\u00e3o pode contribuir com den\u00fancias an\u00f4nimas por meio do telefone 181.<\/p>\n\n\n\n<p>Fonte: Portal Itnet<\/p>\n\n\n\n<p><\/p>\n\n\n\n<p><\/p>\n\n\n\n<p><\/p>\n","protected":false},"excerpt":{"rendered":"<p>Uma opera\u00e7\u00e3o policial desarticulou um ponto de tr\u00e1fico de drogas no Centro de Ne\u00f3polis e resultou na pris\u00e3o em flagrante de uma mulher. A a\u00e7\u00e3o foi divulgada neste s\u00e1bado (25) e contou com a atua\u00e7\u00e3o da Delegacia Regional do munic\u00edpio, com apoio da Pol\u00edcia Militar. O caso foi registrado na \u00e1rea conhecida como \u201cRua da [&hellip;]<\/p>\n","protected":false},"author":6,"featured_media":9280,"comment_status":"open","ping_status":"open","sticky":false,"template":"","format":"standard","meta":{"footnotes":""},"categories":[10],"tags":[],"class_list":{"0":"post-9278","1":"post","2":"type-post","3":"status-publish","4":"format-standard","5":"has-post-thumbnail","7":"category-theme-features"},"_links":{"self":[{"href":"https:\/\/nordesteimprensa.com.br\/index.php\/wp-json\/wp\/v2\/posts\/9278","targetHints":{"allow":["GET"]}}],"collection":[{"href":"https:\/\/nordesteimprensa.com.br\/index.php\/wp-json\/wp\/v2\/posts"}],"about":[{"href":"https:\/\/nordesteimprensa.com.br\/index.php\/wp-json\/wp\/v2\/types\/post"}],"author":[{"embeddable":true,"href":"https:\/\/nordesteimprensa.com.br\/index.php\/wp-json\/wp\/v2\/users\/6"}],"replies":[{"embeddable":true,"href":"https:\/\/nordesteimprensa.com.br\/index.php\/wp-json\/wp\/v2\/comments?post=9278"}],"version-history":[{"count":1,"href":"https:\/\/nordesteimprensa.com.br\/index.php\/wp-json\/wp\/v2\/posts\/9278\/revisions"}],"predecessor-version":[{"id":9279,"href":"https:\/\/nordesteimprensa.com.br\/index.php\/wp-json\/wp\/v2\/posts\/9278\/revisions\/9279"}],"wp:featuredmedia":[{"embeddable":true,"href":"https:\/\/nordesteimprensa.com.br\/index.php\/wp-json\/wp\/v2\/media\/9280"}],"wp:attachment":[{"href":"https:\/\/nordesteimprensa.com.br\/index.php\/wp-json\/wp\/v2\/media?parent=9278"}],"wp:term":[{"taxonomy":"category","embeddable":true,"href":"https:\/\/nordesteimprensa.com.br\/index.php\/wp-json\/wp\/v2\/categories?post=9278"},{"taxonomy":"post_tag","embeddable":true,"href":"https:\/\/nordesteimprensa.com.br\/index.php\/wp-json\/wp\/v2\/tags?post=9278"}],"curies":[{"name":"wp","href":"https:\/\/api.w.org\/{rel}","templated":true}]}}