{"id":9281,"date":"2026-04-28T09:23:30","date_gmt":"2026-04-28T12:23:30","guid":{"rendered":"https:\/\/nordesteimprensa.com.br\/?p=9281"},"modified":"2026-04-28T09:23:31","modified_gmt":"2026-04-28T12:23:31","slug":"operacao-contra-abuso-sexual-infantojuvenil-cumpre-mandado-de-busca-em-se","status":"publish","type":"post","link":"https:\/\/nordesteimprensa.com.br\/index.php\/2026\/04\/28\/operacao-contra-abuso-sexual-infantojuvenil-cumpre-mandado-de-busca-em-se\/","title":{"rendered":"OPERA\u00c7\u00c3O CONTRA ABUSO SEXUAL INFANTOJUVENIL CUMPRE MANDADO DE BUSCA EM SE"},"content":{"rendered":"\n<p>A Pol\u00edcia Federal cumpriu um mandado de busca e apreens\u00e3o em Sergipe durante a Opera\u00e7\u00e3o Nacional Prote\u00e7\u00e3o Integral IV, que aconteceu em todas as unidades da Federa\u00e7\u00e3o. A a\u00e7\u00e3o foi deflagrada nesta ter\u00e7a-feira, 28. A opera\u00e7\u00e3o cumpriu, simultaneamente, 159 mandados de busca e apreens\u00e3o e 16 de pris\u00e3o preventiva, com foco na identifica\u00e7\u00e3o e na pris\u00e3o de autores de crimes de abuso sexual contra crian\u00e7as e adolescentes.<\/p>\n\n\n\n<p>Segundo a PF, a a\u00e7\u00e3o comp\u00f5e um esfor\u00e7o internacional coordenado, denominado Opera\u00e7\u00e3o Internacional Aliados pela Inf\u00e2ncia VI, voltado ao enfrentamento de crimes transnacionais que violam a dignidade sexual de crian\u00e7as e de adolescentes. Essa a\u00e7\u00e3o internacional ocorre de forma simult\u00e2nea, nesta ter\u00e7a, em 15 pa\u00edses, com o cumprimento de mandados de busca e apreens\u00e3o em m\u00faltiplas jurisdi\u00e7\u00f5es.<\/p>\n\n\n\n<p>No \u00e2mbito internacional, foram cumpridos mandados nos seguintes pa\u00edses: Argentina, Col\u00f4mbia, Costa Rica, El Salvador, Espanha, Fran\u00e7a, Guatemala, Honduras, M\u00e9xico, Panam\u00e1, Paraguai, Peru, Porto Rico, Rep\u00fablica Dominicana e Uruguai.<\/p>\n\n\n\n<p>A a\u00e7\u00e3o busca integrar for\u00e7as policiais nacionais e internacionais no combate a crimes de abuso sexual infantojuvenil, para refor\u00e7ar, no contexto do Maio Laranja, o compromisso com a preven\u00e7\u00e3o e com a repress\u00e3o dessas pr\u00e1ticas. Em 2026, a Pol\u00edcia Federal, mediante Grupos de Capturas, j\u00e1 cumpriu ao menos 450 mandados de pris\u00e3o de foragidos por crimes sexuais.<\/p>\n\n\n\n<p>Participam 503 policiais federais, bem como 243 policiais civis dos estados da Bahia, do Distrito Federal, do Esp\u00edrito Santo, de Goi\u00e1s, do Mato Grosso, do Mato Grosso do Sul, do Par\u00e1, do Paran\u00e1, de Pernambuco, do Piau\u00ed, do Rio de Janeiro, do Rio Grande do Sul, de S\u00e3o Paulo e de Tocantins.<\/p>\n\n\n\n<p>Fonte: Infonet<\/p>\n","protected":false},"excerpt":{"rendered":"<p>A Pol\u00edcia Federal cumpriu um mandado de busca e apreens\u00e3o em Sergipe durante a Opera\u00e7\u00e3o Nacional Prote\u00e7\u00e3o Integral IV, que aconteceu em todas as unidades da Federa\u00e7\u00e3o. A a\u00e7\u00e3o foi deflagrada nesta ter\u00e7a-feira, 28. A opera\u00e7\u00e3o cumpriu, simultaneamente, 159 mandados de busca e apreens\u00e3o e 16 de pris\u00e3o preventiva, com foco na identifica\u00e7\u00e3o e na [&hellip;]<\/p>\n","protected":false},"author":6,"featured_media":9282,"comment_status":"open","ping_status":"open","sticky":false,"template":"","format":"standard","meta":{"footnotes":""},"categories":[10],"tags":[],"class_list":{"0":"post-9281","1":"post","2":"type-post","3":"status-publish","4":"format-standard","5":"has-post-thumbnail","7":"category-theme-features"},"_links":{"self":[{"href":"https:\/\/nordesteimprensa.com.br\/index.php\/wp-json\/wp\/v2\/posts\/9281","targetHints":{"allow":["GET"]}}],"collection":[{"href":"https:\/\/nordesteimprensa.com.br\/index.php\/wp-json\/wp\/v2\/posts"}],"about":[{"href":"https:\/\/nordesteimprensa.com.br\/index.php\/wp-json\/wp\/v2\/types\/post"}],"author":[{"embeddable":true,"href":"https:\/\/nordesteimprensa.com.br\/index.php\/wp-json\/wp\/v2\/users\/6"}],"replies":[{"embeddable":true,"href":"https:\/\/nordesteimprensa.com.br\/index.php\/wp-json\/wp\/v2\/comments?post=9281"}],"version-history":[{"count":1,"href":"https:\/\/nordesteimprensa.com.br\/index.php\/wp-json\/wp\/v2\/posts\/9281\/revisions"}],"predecessor-version":[{"id":9283,"href":"https:\/\/nordesteimprensa.com.br\/index.php\/wp-json\/wp\/v2\/posts\/9281\/revisions\/9283"}],"wp:featuredmedia":[{"embeddable":true,"href":"https:\/\/nordesteimprensa.com.br\/index.php\/wp-json\/wp\/v2\/media\/9282"}],"wp:attachment":[{"href":"https:\/\/nordesteimprensa.com.br\/index.php\/wp-json\/wp\/v2\/media?parent=9281"}],"wp:term":[{"taxonomy":"category","embeddable":true,"href":"https:\/\/nordesteimprensa.com.br\/index.php\/wp-json\/wp\/v2\/categories?post=9281"},{"taxonomy":"post_tag","embeddable":true,"href":"https:\/\/nordesteimprensa.com.br\/index.php\/wp-json\/wp\/v2\/tags?post=9281"}],"curies":[{"name":"wp","href":"https:\/\/api.w.org\/{rel}","templated":true}]}}