{"id":9286,"date":"2026-04-28T09:29:32","date_gmt":"2026-04-28T12:29:32","guid":{"rendered":"https:\/\/nordesteimprensa.com.br\/?p=9286"},"modified":"2026-04-28T09:29:32","modified_gmt":"2026-04-28T12:29:32","slug":"foragido-da-justica-por-extorsao-e-preso-em-poco-verde","status":"publish","type":"post","link":"https:\/\/nordesteimprensa.com.br\/index.php\/2026\/04\/28\/foragido-da-justica-por-extorsao-e-preso-em-poco-verde\/","title":{"rendered":"Foragido da Justi\u00e7a por extors\u00e3o \u00e9 preso em Po\u00e7o Verde"},"content":{"rendered":"\n<p>Um homem que estava foragido da Justi\u00e7a desde setembro de 2025 foi preso na tarde da \u00faltima segunda-feira (27) no munic\u00edpio de Po\u00e7o Verde. A a\u00e7\u00e3o foi realizada pela Pol\u00edcia Civil de Sergipe, por meio da delegacia local.<\/p>\n\n\n\n<p>Contra o suspeito, havia um mandado de pris\u00e3o definitiva pelos crimes de associa\u00e7\u00e3o criminosa e extors\u00e3o qualificada com restri\u00e7\u00e3o da liberdade da v\u00edtima. Ele foi localizado durante dilig\u00eancias investigativas conduzidas pela equipe policial na cidade.<\/p>\n\n\n\n<p>Ap\u00f3s a captura, o homem foi encaminhado \u00e0 unidade policial para a ado\u00e7\u00e3o dos procedimentos legais e permanece \u00e0 disposi\u00e7\u00e3o do Poder Judici\u00e1rio, devendo passar por audi\u00eancia de cust\u00f3dia.<\/p>\n\n\n\n<p>Segundo a Pol\u00edcia Civil, a a\u00e7\u00e3o refor\u00e7a o trabalho de combate \u00e0 criminalidade e a retirada de condenados das ruas, contribuindo para a seguran\u00e7a da popula\u00e7\u00e3o. A corpora\u00e7\u00e3o tamb\u00e9m destaca a import\u00e2ncia da participa\u00e7\u00e3o da sociedade por meio de den\u00fancias an\u00f4nimas, que podem ser feitas pelo Disque-Den\u00fancia 181, com garantia de sigilo.<\/p>\n\n\n\n<p>Fonte: Portal Itnet<\/p>\n","protected":false},"excerpt":{"rendered":"<p>Um homem que estava foragido da Justi\u00e7a desde setembro de 2025 foi preso na tarde da \u00faltima segunda-feira (27) no munic\u00edpio de Po\u00e7o Verde. A a\u00e7\u00e3o foi realizada pela Pol\u00edcia Civil de Sergipe, por meio da delegacia local. Contra o suspeito, havia um mandado de pris\u00e3o definitiva pelos crimes de associa\u00e7\u00e3o criminosa e extors\u00e3o qualificada [&hellip;]<\/p>\n","protected":false},"author":6,"featured_media":9287,"comment_status":"open","ping_status":"open","sticky":false,"template":"","format":"standard","meta":{"footnotes":""},"categories":[10],"tags":[],"class_list":{"0":"post-9286","1":"post","2":"type-post","3":"status-publish","4":"format-standard","5":"has-post-thumbnail","7":"category-theme-features"},"_links":{"self":[{"href":"https:\/\/nordesteimprensa.com.br\/index.php\/wp-json\/wp\/v2\/posts\/9286","targetHints":{"allow":["GET"]}}],"collection":[{"href":"https:\/\/nordesteimprensa.com.br\/index.php\/wp-json\/wp\/v2\/posts"}],"about":[{"href":"https:\/\/nordesteimprensa.com.br\/index.php\/wp-json\/wp\/v2\/types\/post"}],"author":[{"embeddable":true,"href":"https:\/\/nordesteimprensa.com.br\/index.php\/wp-json\/wp\/v2\/users\/6"}],"replies":[{"embeddable":true,"href":"https:\/\/nordesteimprensa.com.br\/index.php\/wp-json\/wp\/v2\/comments?post=9286"}],"version-history":[{"count":1,"href":"https:\/\/nordesteimprensa.com.br\/index.php\/wp-json\/wp\/v2\/posts\/9286\/revisions"}],"predecessor-version":[{"id":9288,"href":"https:\/\/nordesteimprensa.com.br\/index.php\/wp-json\/wp\/v2\/posts\/9286\/revisions\/9288"}],"wp:featuredmedia":[{"embeddable":true,"href":"https:\/\/nordesteimprensa.com.br\/index.php\/wp-json\/wp\/v2\/media\/9287"}],"wp:attachment":[{"href":"https:\/\/nordesteimprensa.com.br\/index.php\/wp-json\/wp\/v2\/media?parent=9286"}],"wp:term":[{"taxonomy":"category","embeddable":true,"href":"https:\/\/nordesteimprensa.com.br\/index.php\/wp-json\/wp\/v2\/categories?post=9286"},{"taxonomy":"post_tag","embeddable":true,"href":"https:\/\/nordesteimprensa.com.br\/index.php\/wp-json\/wp\/v2\/tags?post=9286"}],"curies":[{"name":"wp","href":"https:\/\/api.w.org\/{rel}","templated":true}]}}