{"id":9294,"date":"2026-04-29T13:28:41","date_gmt":"2026-04-29T16:28:41","guid":{"rendered":"https:\/\/nordesteimprensa.com.br\/?p=9294"},"modified":"2026-04-29T13:28:42","modified_gmt":"2026-04-29T16:28:42","slug":"homem-e-mulher-sao-presos-por-trafico-de-drogas-em-lagarto","status":"publish","type":"post","link":"https:\/\/nordesteimprensa.com.br\/index.php\/2026\/04\/29\/homem-e-mulher-sao-presos-por-trafico-de-drogas-em-lagarto\/","title":{"rendered":"Homem e mulher s\u00e3o presos por tr\u00e1fico de drogas em Lagarto"},"content":{"rendered":"\n<p>Na tarde da \u00faltima ter\u00e7a-feira, 28, policiais civis da Delegacia de Lagarto prenderam um homem e uma mulher por tr\u00e1fico de drogas no bairro Ademar de Carvalho, em Lagarto.<\/p>\n\n\n\n<p>Durante dilig\u00eancias no bairro, a equipe da Divis\u00e3o de Narc\u00f3ticos identificou uma movimenta\u00e7\u00e3o suspeita em uma resid\u00eancia que j\u00e1 era monitorada por poss\u00edvel envolvimento com o tr\u00e1fico de drogas.<\/p>\n\n\n\n<p>De acordo com as informa\u00e7\u00f5es levantadas, havia intensa circula\u00e7\u00e3o de pessoas entrando e saindo do im\u00f3vel, o que motivou a aproxima\u00e7\u00e3o das equipes para realiza\u00e7\u00e3o de abordagem.<\/p>\n\n\n\n<p>No momento da a\u00e7\u00e3o, um homem de baixa estatura fugiu ao perceber a presen\u00e7a policial, enquanto uma mulher permaneceu na cal\u00e7ada e foi abordada.<\/p>\n\n\n\n<p>O suspeito correu para os fundos da resid\u00eancia, sendo imediatamente perseguido pelos policiais. Ele conseguiu pular o muro e acessar im\u00f3veis vizinhos, dando continuidade \u00e0 fuga pelos telhados.<\/p>\n\n\n\n<p>Ap\u00f3s buscas, o homem foi localizado escondido dentro de uma caixa d\u2019\u00e1gua em uma das casas pr\u00f3ximas. Com ele, foram apreendidos uma balan\u00e7a de precis\u00e3o de pequeno porte, cerca de 22 gramas de crack e aproximadamente 10 gramas de maconha.<\/p>\n\n\n\n<p>J\u00e1 com a mulher, que utilizava tornozeleira eletr\u00f4nica e era apontada como respons\u00e1vel pelo tr\u00e1fico na localidade, foram encontrados cerca de 30 gramas de crack, aproximadamente 17 gramas de coca\u00edna, uma balan\u00e7a de precis\u00e3o e R$ 32,75 em dinheiro fracionado.<\/p>\n\n\n\n<p>Segundo a pol\u00edcia, a suspeita possu\u00eda antecedentes criminais por homic\u00eddio.<\/p>\n\n\n\n<p>Diante dos fatos, os dois foram conduzidos \u00e0 Delegacia Regional de Lagarto.<\/p>\n\n\n\n<p>Fonte: Portal lagartense <\/p>\n","protected":false},"excerpt":{"rendered":"<p>Na tarde da \u00faltima ter\u00e7a-feira, 28, policiais civis da Delegacia de Lagarto prenderam um homem e uma mulher por tr\u00e1fico de drogas no bairro Ademar de Carvalho, em Lagarto. Durante dilig\u00eancias no bairro, a equipe da Divis\u00e3o de Narc\u00f3ticos identificou uma movimenta\u00e7\u00e3o suspeita em uma resid\u00eancia que j\u00e1 era monitorada por poss\u00edvel envolvimento com o [&hellip;]<\/p>\n","protected":false},"author":6,"featured_media":9295,"comment_status":"open","ping_status":"open","sticky":false,"template":"","format":"standard","meta":{"footnotes":""},"categories":[10],"tags":[],"class_list":{"0":"post-9294","1":"post","2":"type-post","3":"status-publish","4":"format-standard","5":"has-post-thumbnail","7":"category-theme-features"},"_links":{"self":[{"href":"https:\/\/nordesteimprensa.com.br\/index.php\/wp-json\/wp\/v2\/posts\/9294","targetHints":{"allow":["GET"]}}],"collection":[{"href":"https:\/\/nordesteimprensa.com.br\/index.php\/wp-json\/wp\/v2\/posts"}],"about":[{"href":"https:\/\/nordesteimprensa.com.br\/index.php\/wp-json\/wp\/v2\/types\/post"}],"author":[{"embeddable":true,"href":"https:\/\/nordesteimprensa.com.br\/index.php\/wp-json\/wp\/v2\/users\/6"}],"replies":[{"embeddable":true,"href":"https:\/\/nordesteimprensa.com.br\/index.php\/wp-json\/wp\/v2\/comments?post=9294"}],"version-history":[{"count":1,"href":"https:\/\/nordesteimprensa.com.br\/index.php\/wp-json\/wp\/v2\/posts\/9294\/revisions"}],"predecessor-version":[{"id":9296,"href":"https:\/\/nordesteimprensa.com.br\/index.php\/wp-json\/wp\/v2\/posts\/9294\/revisions\/9296"}],"wp:featuredmedia":[{"embeddable":true,"href":"https:\/\/nordesteimprensa.com.br\/index.php\/wp-json\/wp\/v2\/media\/9295"}],"wp:attachment":[{"href":"https:\/\/nordesteimprensa.com.br\/index.php\/wp-json\/wp\/v2\/media?parent=9294"}],"wp:term":[{"taxonomy":"category","embeddable":true,"href":"https:\/\/nordesteimprensa.com.br\/index.php\/wp-json\/wp\/v2\/categories?post=9294"},{"taxonomy":"post_tag","embeddable":true,"href":"https:\/\/nordesteimprensa.com.br\/index.php\/wp-json\/wp\/v2\/tags?post=9294"}],"curies":[{"name":"wp","href":"https:\/\/api.w.org\/{rel}","templated":true}]}}