{"id":9300,"date":"2026-04-30T15:09:20","date_gmt":"2026-04-30T18:09:20","guid":{"rendered":"https:\/\/nordesteimprensa.com.br\/?p=9300"},"modified":"2026-04-30T15:09:21","modified_gmt":"2026-04-30T18:09:21","slug":"com-numeros-robustos-gestao-de-fabio-avanca-em-emprego-seguranca-e-grandes-obras-em-sergipe","status":"publish","type":"post","link":"https:\/\/nordesteimprensa.com.br\/index.php\/2026\/04\/30\/com-numeros-robustos-gestao-de-fabio-avanca-em-emprego-seguranca-e-grandes-obras-em-sergipe\/","title":{"rendered":"Com n\u00fameros robustos, gest\u00e3o de F\u00e1bio avan\u00e7a em emprego, seguran\u00e7a e grandes obras em Sergipe"},"content":{"rendered":"\n<p>Os indicadores mais recentes refor\u00e7am o momento de avan\u00e7o vivido por Sergipe sob a gest\u00e3o do governador F\u00e1bio Mitidieri. Dados do Minist\u00e9rio do Trabalho apontam que o estado \u00e9 hoje o que mais emprega jovens no Nordeste e o quinto do Brasil, com mais de 6,2 mil pessoas entre 14 e 24 anos inseridas no mercado de trabalho. No total, Sergipe contabiliza 360.949 v\u00ednculos formais ativos, resultado que evidencia o fortalecimento da economia e a amplia\u00e7\u00e3o de oportunidades para a popula\u00e7\u00e3o.<\/p>\n\n\n\n<p>Na \u00e1rea da seguran\u00e7a p\u00fablica, o estado mant\u00e9m um desempenho de destaque ao ser considerado o melhor do Nordeste por tr\u00eas anos consecutivos. O resultado reflete uma pol\u00edtica cont\u00ednua de investimentos, integra\u00e7\u00e3o das for\u00e7as de seguran\u00e7a e estrat\u00e9gias voltadas \u00e0 redu\u00e7\u00e3o da criminalidade, consolidando um ambiente mais seguro para os sergipanos.<\/p>\n\n\n\n<p>Os avan\u00e7os tamb\u00e9m s\u00e3o vis\u00edveis na sa\u00fade e na infraestrutura. A constru\u00e7\u00e3o do Hospital do C\u00e2ncer representa um marco hist\u00f3rico para o estado, ampliando a capacidade de atendimento especializado. J\u00e1 no campo das obras estruturantes, o governo executa projetos de grande porte, como o Complexo Vi\u00e1rio Maria do Carmo Alves, com investimento de R$ 318 milh\u00f5es, e a nova ponte que ligar\u00e1 Aracaju \u00e0 Barra dos Coqueiros, com recursos da ordem de R$ 838 milh\u00f5es.<\/p>\n\n\n\n<p>Na educa\u00e7\u00e3o, o ritmo acelerado de interven\u00e7\u00f5es tamb\u00e9m chama aten\u00e7\u00e3o. A m\u00e9dia de uma escola reformada a cada 12 dias demonstra o foco na melhoria da rede estadual de ensino, garantindo melhores condi\u00e7\u00f5es para alunos e profissionais. O conjunto desses n\u00fameros consolida um cen\u00e1rio de crescimento e desenvolvimento que tem impactado diretamente a qualidade de vida da popula\u00e7\u00e3o sergipana.<\/p>\n","protected":false},"excerpt":{"rendered":"<p>Os indicadores mais recentes refor\u00e7am o momento de avan\u00e7o vivido por Sergipe sob a gest\u00e3o do governador F\u00e1bio Mitidieri. Dados do Minist\u00e9rio do Trabalho apontam que o estado \u00e9 hoje o que mais emprega jovens no Nordeste e o quinto do Brasil, com mais de 6,2 mil pessoas entre 14 e 24 anos inseridas no [&hellip;]<\/p>\n","protected":false},"author":6,"featured_media":9301,"comment_status":"open","ping_status":"open","sticky":false,"template":"","format":"standard","meta":{"footnotes":""},"categories":[10],"tags":[],"class_list":{"0":"post-9300","1":"post","2":"type-post","3":"status-publish","4":"format-standard","5":"has-post-thumbnail","7":"category-theme-features"},"_links":{"self":[{"href":"https:\/\/nordesteimprensa.com.br\/index.php\/wp-json\/wp\/v2\/posts\/9300","targetHints":{"allow":["GET"]}}],"collection":[{"href":"https:\/\/nordesteimprensa.com.br\/index.php\/wp-json\/wp\/v2\/posts"}],"about":[{"href":"https:\/\/nordesteimprensa.com.br\/index.php\/wp-json\/wp\/v2\/types\/post"}],"author":[{"embeddable":true,"href":"https:\/\/nordesteimprensa.com.br\/index.php\/wp-json\/wp\/v2\/users\/6"}],"replies":[{"embeddable":true,"href":"https:\/\/nordesteimprensa.com.br\/index.php\/wp-json\/wp\/v2\/comments?post=9300"}],"version-history":[{"count":1,"href":"https:\/\/nordesteimprensa.com.br\/index.php\/wp-json\/wp\/v2\/posts\/9300\/revisions"}],"predecessor-version":[{"id":9302,"href":"https:\/\/nordesteimprensa.com.br\/index.php\/wp-json\/wp\/v2\/posts\/9300\/revisions\/9302"}],"wp:featuredmedia":[{"embeddable":true,"href":"https:\/\/nordesteimprensa.com.br\/index.php\/wp-json\/wp\/v2\/media\/9301"}],"wp:attachment":[{"href":"https:\/\/nordesteimprensa.com.br\/index.php\/wp-json\/wp\/v2\/media?parent=9300"}],"wp:term":[{"taxonomy":"category","embeddable":true,"href":"https:\/\/nordesteimprensa.com.br\/index.php\/wp-json\/wp\/v2\/categories?post=9300"},{"taxonomy":"post_tag","embeddable":true,"href":"https:\/\/nordesteimprensa.com.br\/index.php\/wp-json\/wp\/v2\/tags?post=9300"}],"curies":[{"name":"wp","href":"https:\/\/api.w.org\/{rel}","templated":true}]}}